{"id":4643,"date":"2022-03-01T23:37:02","date_gmt":"2022-03-01T22:37:02","guid":{"rendered":"https:\/\/agora.xtec.cat\/ceiplajota\/?p=4643"},"modified":"2022-03-01T23:40:05","modified_gmt":"2022-03-01T22:40:05","slug":"visita-al-poble-espanyol","status":"publish","type":"post","link":"https:\/\/agora.xtec.cat\/ceiplajota\/general\/visita-al-poble-espanyol\/","title":{"rendered":"VISITA AL POBLE ESPANYOL"},"content":{"rendered":"<p>Bon dia fam\u00edlies de Cicle Mitj\u00e0!<\/p>\n<p>Avui dimarts 1 de mar\u00e7, els nens i nenes de tercer i quart ens hem anat d&#8217;excursi\u00f3 al Poble Espanyol (Barcelona), un espai \u00fanic constru\u00eft a partir de la recreaci\u00f3 de 117 edificis, a escala real, de diferents regions espanyoles.<\/p>\n<p>La primera part de la nostra visita l&#8217;hem dedicat a descobrir els seus racons m\u00e9s interessants com <strong>l<\/strong><b>&#8216;espai Fiesta<\/b>, una gran instal\u00b7laci\u00f3 audiovisual de 150m2, amb espectaculars imatges i so que ens ha ensenyat les festes tradicionals m\u00e9s populars.<\/p>\n<p>Al<b> Museu Fran Daurel <\/b>hem gaudit de les obres de grans artistes com Mir\u00f3, Picasso, Dal\u00ed i molts altres. Hem pogut passejar pels carrers del <strong>barri Andal\u00fas<\/strong> i fer una ullada als diferents <strong>artesans i artesanes<\/strong> que treballen al Poble. Tamb\u00e9 ens hem divertit al parc amb uns <strong>tobogans<\/strong> inmensos!<\/p>\n<p>Per\u00f2 no nom\u00e9s hem fet de turistes, no, tamb\u00e9 hem tingut temps d&#8217;aprendre i crear amb les nostres pr\u00f2pies mans.<\/p>\n<p>Els nens i les nenes de tercer hem fet el taller <strong>PINTEM EL VIDRE<\/strong>. Seguint les explicacions de l&#8217;Anna, la nostra guia, hem fet el disseny del nostre propi vitrall, primer sobre paper, despr\u00e9s l&#8217;hem traspassat\u00a0 a una base de vidre on hem pintat la pe\u00e7a amb diferents colors i textures.<\/p>\n<p>A quart hem fet el taller d&#8217;<strong>ESMALT AL FOC <\/strong>on hem pogut treballar amb diferents esmalts per crear una pe\u00e7a \u00fanica, un\u00a0 penjoll. Primer, hem fet el disseny reflexionant sobre el que voliem expressar, despr\u00e9s la nostra guia ha posat les peces al forn durant uns minuts per coure-les. Un cop fredes, les hem polit i ens les hem penjat al coll!<\/p>\n<p>En fi, ha estat un gran dia&#8230;ple d&#8217;activitats divertides que ens fan aprendre. Si ho voleu veure, aqu\u00ed teniu un recull dels nostres millors moments.<\/p>\n<p><a href=\"https:\/\/photos.app.goo.gl\/Sja5P4dLgAtxmh9N8\">VISITA AL POBLE ESPANYOL<\/a><\/p>\n","protected":false},"excerpt":{"rendered":"<p>Bon dia fam\u00edlies de Cicle Mitj\u00e0!<br \/>\nAvui dimarts 1 de mar\u00e7, els nens i nenes de tercer i quart ens hem anat d&#8217;excursi\u00f3 al Poble Espanyol (Barcelona), un espai \u00fanic constru\u00eft a partir de la recreaci\u00f3 de 117 edificis, a escala real, de diferents regions espanyoles.<br \/>\nLa&hellip;  <a href=\"https:\/\/agora.xtec.cat\/ceiplajota\/general\/visita-al-poble-espanyol\/\" title=\"Read VISITA AL POBLE ESPANYOL\">Llegeix m\u00e9s\u00bb<\/a><\/p>\n","protected":false},"author":22,"featured_media":4644,"comment_status":"open","ping_status":"closed","sticky":false,"template":"","format":"standard","meta":{"_bbp_topic_count":0,"_bbp_reply_count":0,"_bbp_total_topic_count":0,"_bbp_total_reply_count":0,"_bbp_voice_count":0,"_bbp_anonymous_reply_count":0,"_bbp_topic_count_hidden":0,"_bbp_reply_count_hidden":0,"_bbp_forum_subforum_count":0,"footnotes":""},"categories":[12,13,1],"tags":[],"class_list":["post-4643","post","type-post","status-publish","format-standard","has-post-thumbnail","hentry","category-3r","category-4t","category-general"],"post_mailing_queue_ids":[],"_links":{"self":[{"href":"https:\/\/agora.xtec.cat\/ceiplajota\/wp-json\/wp\/v2\/posts\/4643","targetHints":{"allow":["GET"]}}],"collection":[{"href":"https:\/\/agora.xtec.cat\/ceiplajota\/wp-json\/wp\/v2\/posts"}],"about":[{"href":"https:\/\/agora.xtec.cat\/ceiplajota\/wp-json\/wp\/v2\/types\/post"}],"author":[{"embeddable":true,"href":"https:\/\/agora.xtec.cat\/ceiplajota\/wp-json\/wp\/v2\/users\/22"}],"replies":[{"embeddable":true,"href":"https:\/\/agora.xtec.cat\/ceiplajota\/wp-json\/wp\/v2\/comments?post=4643"}],"version-history":[{"count":3,"href":"https:\/\/agora.xtec.cat\/ceiplajota\/wp-json\/wp\/v2\/posts\/4643\/revisions"}],"predecessor-version":[{"id":4649,"href":"https:\/\/agora.xtec.cat\/ceiplajota\/wp-json\/wp\/v2\/posts\/4643\/revisions\/4649"}],"wp:featuredmedia":[{"embeddable":true,"href":"https:\/\/agora.xtec.cat\/ceiplajota\/wp-json\/wp\/v2\/media\/4644"}],"wp:attachment":[{"href":"https:\/\/agora.xtec.cat\/ceiplajota\/wp-json\/wp\/v2\/media?parent=4643"}],"wp:term":[{"taxonomy":"category","embeddable":true,"href":"https:\/\/agora.xtec.cat\/ceiplajota\/wp-json\/wp\/v2\/categories?post=4643"},{"taxonomy":"post_tag","embeddable":true,"href":"https:\/\/agora.xtec.cat\/ceiplajota\/wp-json\/wp\/v2\/tags?post=4643"}],"curies":[{"name":"wp","href":"https:\/\/api.w.org\/{rel}","templated":true}]}}