{"id":4628,"date":"2022-02-28T19:08:28","date_gmt":"2022-02-28T18:08:28","guid":{"rendered":"https:\/\/agora.xtec.cat\/ceiplajota\/?p=4628"},"modified":"2022-02-28T19:10:05","modified_gmt":"2022-02-28T18:10:05","slug":"carnestoltes-a-cicle-inicial","status":"publish","type":"post","link":"https:\/\/agora.xtec.cat\/ceiplajota\/general\/carnestoltes-a-cicle-inicial\/","title":{"rendered":"Carnestoltes a Cicle Inicial"},"content":{"rendered":"<p><a href=\"https:\/\/photos.app.goo.gl\/mYDu8TJ7tnbMQF9e8\"><img loading=\"lazy\" decoding=\"async\" class=\"alignnone size-large wp-image-4630\" src=\"https:\/\/agora.xtec.cat\/ceiplajota\/wp-content\/uploads\/usu1571\/2022\/02\/PORTADA-BLOG-1-1024x819.jpg\" alt=\"\" width=\"1024\" height=\"819\" srcset=\"https:\/\/agora.xtec.cat\/ceiplajota\/wp-content\/uploads\/usu1571\/2022\/02\/PORTADA-BLOG-1-1024x819.jpg 1024w, https:\/\/agora.xtec.cat\/ceiplajota\/wp-content\/uploads\/usu1571\/2022\/02\/PORTADA-BLOG-1-300x240.jpg 300w, https:\/\/agora.xtec.cat\/ceiplajota\/wp-content\/uploads\/usu1571\/2022\/02\/PORTADA-BLOG-1-768x614.jpg 768w, https:\/\/agora.xtec.cat\/ceiplajota\/wp-content\/uploads\/usu1571\/2022\/02\/PORTADA-BLOG-1-1536x1229.jpg 1536w, https:\/\/agora.xtec.cat\/ceiplajota\/wp-content\/uploads\/usu1571\/2022\/02\/PORTADA-BLOG-1.jpg 2000w\" sizes=\"auto, (max-width: 1024px) 100vw, 1024px\" \/><\/a>Un any m\u00e9s hem celebrat la setmana m\u00e9s esperada de l&#8217;any. Plena de diversi\u00f3, de colors i sobretot de somriures i disbauxa. Els nens i les nenes de Cicle Inicial han complert les ordres del senyor Carnestoltes: el pijama, un pentinat original i venir vestit d&#8217;un esport. El dijous ens van sorprendre amb les disfresses m\u00e9s divertides i originals i vam acabar la setmana a la rua de la ciutat\u00a0<span class=\"hiddenGrammarError\" style=\"padding-bottom: 2px; background-image: url('..\/..\/..\/..\/..\/images\/squiggle.png'); background-repeat: repeat-x; background-position: left bottom; cursor: default; color: #000000; font-family: 'Open Sans', Helvetica, Arial, sans-serif; font-size: 16px; font-style: normal; font-variant-ligatures: normal; font-variant-caps: normal; font-weight: 300; letter-spacing: normal; orphans: 2; text-align: start; text-indent: 0px; text-transform: none; white-space: normal; widows: 2; word-spacing: 0px; -webkit-text-stroke-width: 0px; text-decoration-thickness: initial; text-decoration-style: initial; text-decoration-color: initial;\">disfressats<\/span>\u00a0de coets.<\/p>\n<p>En aquest enlla\u00e7, trobareu les fotografies d&#8217;aquests dies:<\/p>\n<p><a href=\"https:\/\/photos.app.goo.gl\/mYDu8TJ7tnbMQF9e8\">https:\/\/photos.app.goo.gl\/mYDu8TJ7tnbMQF9e8<\/a><\/p>\n","protected":false},"excerpt":{"rendered":"<p><a href=\"https:\/\/photos.app.goo.gl\/mYDu8TJ7tnbMQF9e8\"><\/a>Un any m\u00e9s hem celebrat la setmana m\u00e9s esperada de l&#8217;any. Plena de diversi\u00f3, de colors i sobretot de somriures i disbauxa. Els nens i les nenes de Cicle Inicial han complert les ordres del senyor Carnestoltes: el pijama, un pentinat original i venir&hellip;  <a href=\"https:\/\/agora.xtec.cat\/ceiplajota\/general\/carnestoltes-a-cicle-inicial\/\" title=\"Read Carnestoltes a Cicle Inicial\">Llegeix m\u00e9s\u00bb<\/a><\/p>\n","protected":false},"author":34,"featured_media":4630,"comment_status":"open","ping_status":"closed","sticky":false,"template":"","format":"standard","meta":{"_bbp_topic_count":0,"_bbp_reply_count":0,"_bbp_total_topic_count":0,"_bbp_total_reply_count":0,"_bbp_voice_count":0,"_bbp_anonymous_reply_count":0,"_bbp_topic_count_hidden":0,"_bbp_reply_count_hidden":0,"_bbp_forum_subforum_count":0,"footnotes":""},"categories":[10,11,61,1,5],"tags":[62,97,70,95,96],"class_list":["post-4628","post","type-post","status-publish","format-standard","has-post-thumbnail","hentry","category-1r","category-2n","category-carnaval","category-general","category-primaria","tag-carnaval","tag-carnestoltes","tag-primaria","tag-primer","tag-segon"],"post_mailing_queue_ids":[],"_links":{"self":[{"href":"https:\/\/agora.xtec.cat\/ceiplajota\/wp-json\/wp\/v2\/posts\/4628","targetHints":{"allow":["GET"]}}],"collection":[{"href":"https:\/\/agora.xtec.cat\/ceiplajota\/wp-json\/wp\/v2\/posts"}],"about":[{"href":"https:\/\/agora.xtec.cat\/ceiplajota\/wp-json\/wp\/v2\/types\/post"}],"author":[{"embeddable":true,"href":"https:\/\/agora.xtec.cat\/ceiplajota\/wp-json\/wp\/v2\/users\/34"}],"replies":[{"embeddable":true,"href":"https:\/\/agora.xtec.cat\/ceiplajota\/wp-json\/wp\/v2\/comments?post=4628"}],"version-history":[{"count":3,"href":"https:\/\/agora.xtec.cat\/ceiplajota\/wp-json\/wp\/v2\/posts\/4628\/revisions"}],"predecessor-version":[{"id":4633,"href":"https:\/\/agora.xtec.cat\/ceiplajota\/wp-json\/wp\/v2\/posts\/4628\/revisions\/4633"}],"wp:featuredmedia":[{"embeddable":true,"href":"https:\/\/agora.xtec.cat\/ceiplajota\/wp-json\/wp\/v2\/media\/4630"}],"wp:attachment":[{"href":"https:\/\/agora.xtec.cat\/ceiplajota\/wp-json\/wp\/v2\/media?parent=4628"}],"wp:term":[{"taxonomy":"category","embeddable":true,"href":"https:\/\/agora.xtec.cat\/ceiplajota\/wp-json\/wp\/v2\/categories?post=4628"},{"taxonomy":"post_tag","embeddable":true,"href":"https:\/\/agora.xtec.cat\/ceiplajota\/wp-json\/wp\/v2\/tags?post=4628"}],"curies":[{"name":"wp","href":"https:\/\/api.w.org\/{rel}","templated":true}]}}