{"id":4471,"date":"2022-02-25T21:15:20","date_gmt":"2022-02-25T20:15:20","guid":{"rendered":"https:\/\/agora.xtec.cat\/ceiplajota\/?p=4471"},"modified":"2022-02-27T19:59:47","modified_gmt":"2022-02-27T18:59:47","slug":"per-carnaval-tot-shi-val-2","status":"publish","type":"post","link":"https:\/\/agora.xtec.cat\/ceiplajota\/general\/per-carnaval-tot-shi-val-2\/","title":{"rendered":"A CICLE MITJ\u00c0 JA \u00c9S CARNAVAL!!!"},"content":{"rendered":"<p>Bon dia fam\u00edles!<\/p>\n<p>Aquest any s\u00ed! Aquest any s\u00ed que hem pogut celebrar el Carnaval a l&#8217;escola\ud83d\udc4f\ud83d\udc4f\ud83d\udc4f\ud83d\udc4f\ud83d\udc4f\ud83d\udc4f<\/p>\n<p>\u00c9s una festa que ens agrada molt i durant tota la setmana les nens i les nenes hem estat molt engrescats amb les activitats tan divertides que hem pogut fer a l&#8217;escola: les consignes, les disfresses, la xocolatada, la m\u00e0gia i per acabar&#8230;LA RUA!!! Teniem moltes ganes i tots i totes hem gaudit molt i ens ha encantat compartir amb vosaltres la nostra experi\u00e8ncia.<\/p>\n<p>Si ens voleu veure, aqu\u00ed teniu un recull de fotografies amb els diferents moments que hem viscut al llarg d&#8217;aquesta setmana. FELI\u00c7 CARNAVAL!!!<\/p>\n<p><a style=\"color: #2795b6\" href=\"https:\/\/photos.app.goo.gl\/tsBnPKGKKcrfSjFi7\">PREPARACI\u00d3 CARNESTOLTES<\/a><\/p>\n<p><a href=\"https:\/\/photos.app.goo.gl\/mMZQCyQj8GZGbaBCA\">DIJOUS GRAS<\/a><\/p>\n<p><a href=\"https:\/\/photos.app.goo.gl\/NcGYq8SVkBnuYmaZA\">XOCOLATADA<\/a><\/p>\n<p><a href=\"https:\/\/photos.app.goo.gl\/8Fn3a6iYmHgET4qo8\">UN MAG ENS VISITA<\/a><\/p>\n<p><a href=\"https:\/\/photos.app.goo.gl\/wc59tVzSbX5vScFg6\">RUA<\/a><\/p>\n","protected":false},"excerpt":{"rendered":"<p>Bon dia fam\u00edles!<br \/>\nAquest any s\u00ed! Aquest any s\u00ed que hem pogut celebrar el Carnaval a l&#8217;escola\ud83d\udc4f\ud83d\udc4f\ud83d\udc4f\ud83d\udc4f\ud83d\udc4f\ud83d\udc4f<br \/>\n\u00c9s una festa que ens agrada molt i durant tota la setmana les nens i les nenes hem estat molt engrescats amb les activitats tan divertides que hem pogut fer&hellip;  <a href=\"https:\/\/agora.xtec.cat\/ceiplajota\/general\/per-carnaval-tot-shi-val-2\/\" title=\"Read A CICLE MITJ\u00c0 JA \u00c9S CARNAVAL!!!\">Llegeix m\u00e9s\u00bb<\/a><\/p>\n","protected":false},"author":22,"featured_media":4473,"comment_status":"open","ping_status":"closed","sticky":false,"template":"","format":"standard","meta":{"_bbp_topic_count":0,"_bbp_reply_count":0,"_bbp_total_topic_count":0,"_bbp_total_reply_count":0,"_bbp_voice_count":0,"_bbp_anonymous_reply_count":0,"_bbp_topic_count_hidden":0,"_bbp_reply_count_hidden":0,"_bbp_forum_subforum_count":0,"footnotes":""},"categories":[12,13,1],"tags":[],"class_list":["post-4471","post","type-post","status-publish","format-standard","has-post-thumbnail","hentry","category-3r","category-4t","category-general"],"post_mailing_queue_ids":[],"_links":{"self":[{"href":"https:\/\/agora.xtec.cat\/ceiplajota\/wp-json\/wp\/v2\/posts\/4471","targetHints":{"allow":["GET"]}}],"collection":[{"href":"https:\/\/agora.xtec.cat\/ceiplajota\/wp-json\/wp\/v2\/posts"}],"about":[{"href":"https:\/\/agora.xtec.cat\/ceiplajota\/wp-json\/wp\/v2\/types\/post"}],"author":[{"embeddable":true,"href":"https:\/\/agora.xtec.cat\/ceiplajota\/wp-json\/wp\/v2\/users\/22"}],"replies":[{"embeddable":true,"href":"https:\/\/agora.xtec.cat\/ceiplajota\/wp-json\/wp\/v2\/comments?post=4471"}],"version-history":[{"count":3,"href":"https:\/\/agora.xtec.cat\/ceiplajota\/wp-json\/wp\/v2\/posts\/4471\/revisions"}],"predecessor-version":[{"id":4613,"href":"https:\/\/agora.xtec.cat\/ceiplajota\/wp-json\/wp\/v2\/posts\/4471\/revisions\/4613"}],"wp:featuredmedia":[{"embeddable":true,"href":"https:\/\/agora.xtec.cat\/ceiplajota\/wp-json\/wp\/v2\/media\/4473"}],"wp:attachment":[{"href":"https:\/\/agora.xtec.cat\/ceiplajota\/wp-json\/wp\/v2\/media?parent=4471"}],"wp:term":[{"taxonomy":"category","embeddable":true,"href":"https:\/\/agora.xtec.cat\/ceiplajota\/wp-json\/wp\/v2\/categories?post=4471"},{"taxonomy":"post_tag","embeddable":true,"href":"https:\/\/agora.xtec.cat\/ceiplajota\/wp-json\/wp\/v2\/tags?post=4471"}],"curies":[{"name":"wp","href":"https:\/\/api.w.org\/{rel}","templated":true}]}}