{"id":4453,"date":"2022-02-21T15:56:32","date_gmt":"2022-02-21T14:56:32","guid":{"rendered":"https:\/\/agora.xtec.cat\/ceiplajota\/?p=4453"},"modified":"2022-02-26T10:41:07","modified_gmt":"2022-02-26T09:41:07","slug":"diari-setmana-de-carnaval-a-infantil","status":"publish","type":"post","link":"https:\/\/agora.xtec.cat\/ceiplajota\/general\/diari-setmana-de-carnaval-a-infantil\/","title":{"rendered":"Diari: Setmana de Carnaval a Infantil"},"content":{"rendered":"<p><img loading=\"lazy\" decoding=\"async\" class=\"\" src=\"https:\/\/fotografias.lasexta.com\/clipping\/cmsimages01\/2019\/02\/01\/8E5F9BA6-C8CE-4F2A-A007-A50B780D41C9\/98.jpg?crop=960,540,x0,y50&amp;width=1900&amp;height=1069&amp;optimize=high&amp;format=webply\" alt=\"7 carnavales del mundo que merecen ser visitados al menos una vez en la vida\" width=\"565\" height=\"318\" \/><\/p>\n<p>Hola fam\u00edlia!<\/p>\n<p>Aquesta setmana \u00e9s una mica excepcional. L&#8217;escola s&#8217;omple de colors, m\u00fasica, festa i diversi\u00f3!<\/p>\n<p>Els nens i les nenes d&#8217;infantil estem gaudint molt i ens agradaria que estigu\u00e9ssiu una mica m\u00e9s a prop.<\/p>\n<p>Pensant creiem que hem trobat la sol\u00b7luci\u00f3. Qu\u00e8 tal si fem un diari del que est\u00e0 passant per l&#8217;escola?<\/p>\n<p>Al llarg de la setmana anirem actualitzant aquesta not\u00edcia. <strong>Estigueu ben atents i atentes a les novetats.<\/strong><\/p>\n<p>Cliqueu al dia i veureu un petit recull d&#8217;alguns moments divertits i esbojarrats de les classes de p3, p4 i p5.<\/p>\n<p><a href=\"https:\/\/photos.app.goo.gl\/SN6K2snnRo952tFx5\">DILLUNS<\/a><\/p>\n<p><a href=\"https:\/\/photos.app.goo.gl\/9EivqveZb5vZkdUp6\">DIMARTS<\/a><\/p>\n<p><a href=\"https:\/\/photos.app.goo.gl\/mBrgWMbk2EvQdWnEA\">DIMECRES<\/a><\/p>\n<p><a href=\"https:\/\/photos.app.goo.gl\/e5wLigjWGrDFpJ6h6\">DIJOUS<\/a><\/p>\n<p><a href=\"https:\/\/photos.app.goo.gl\/D7gW2GTEUhe5Pwev8\">DIVENDRES<\/a><\/p>\n","protected":false},"excerpt":{"rendered":"<p>Hola fam\u00edlia!<br \/>\nAquesta setmana \u00e9s una mica excepcional. L&#8217;escola s&#8217;omple de colors, m\u00fasica, festa i diversi\u00f3!<br \/>\nEls nens i les nenes d&#8217;infantil estem gaudint molt i ens agradaria que estigu\u00e9ssiu una mica m\u00e9s a prop.<br \/>\nPensant creiem que hem trobat la sol\u00b7luci\u00f3. Qu\u00e8 tal si fem un diari&hellip;  <a href=\"https:\/\/agora.xtec.cat\/ceiplajota\/general\/diari-setmana-de-carnaval-a-infantil\/\" title=\"Read Diari: Setmana de Carnaval a Infantil\">Llegeix m\u00e9s\u00bb<\/a><\/p>\n","protected":false},"author":34,"featured_media":0,"comment_status":"open","ping_status":"closed","sticky":false,"template":"","format":"standard","meta":{"_bbp_topic_count":0,"_bbp_reply_count":0,"_bbp_total_topic_count":0,"_bbp_total_reply_count":0,"_bbp_voice_count":0,"_bbp_anonymous_reply_count":0,"_bbp_topic_count_hidden":0,"_bbp_reply_count_hidden":0,"_bbp_forum_subforum_count":0,"footnotes":""},"categories":[61,1,2],"tags":[],"class_list":["post-4453","post","type-post","status-publish","format-standard","hentry","category-carnaval","category-general","category-infantil"],"post_mailing_queue_ids":[],"_links":{"self":[{"href":"https:\/\/agora.xtec.cat\/ceiplajota\/wp-json\/wp\/v2\/posts\/4453","targetHints":{"allow":["GET"]}}],"collection":[{"href":"https:\/\/agora.xtec.cat\/ceiplajota\/wp-json\/wp\/v2\/posts"}],"about":[{"href":"https:\/\/agora.xtec.cat\/ceiplajota\/wp-json\/wp\/v2\/types\/post"}],"author":[{"embeddable":true,"href":"https:\/\/agora.xtec.cat\/ceiplajota\/wp-json\/wp\/v2\/users\/34"}],"replies":[{"embeddable":true,"href":"https:\/\/agora.xtec.cat\/ceiplajota\/wp-json\/wp\/v2\/comments?post=4453"}],"version-history":[{"count":4,"href":"https:\/\/agora.xtec.cat\/ceiplajota\/wp-json\/wp\/v2\/posts\/4453\/revisions"}],"predecessor-version":[{"id":4482,"href":"https:\/\/agora.xtec.cat\/ceiplajota\/wp-json\/wp\/v2\/posts\/4453\/revisions\/4482"}],"wp:attachment":[{"href":"https:\/\/agora.xtec.cat\/ceiplajota\/wp-json\/wp\/v2\/media?parent=4453"}],"wp:term":[{"taxonomy":"category","embeddable":true,"href":"https:\/\/agora.xtec.cat\/ceiplajota\/wp-json\/wp\/v2\/categories?post=4453"},{"taxonomy":"post_tag","embeddable":true,"href":"https:\/\/agora.xtec.cat\/ceiplajota\/wp-json\/wp\/v2\/tags?post=4453"}],"curies":[{"name":"wp","href":"https:\/\/api.w.org\/{rel}","templated":true}]}}