{"id":4411,"date":"2022-02-20T07:50:39","date_gmt":"2022-02-20T06:50:39","guid":{"rendered":"https:\/\/agora.xtec.cat\/ceiplajota\/?p=4411"},"modified":"2022-02-22T06:25:13","modified_gmt":"2022-02-22T05:25:13","slug":"carnaval-2022","status":"publish","type":"post","link":"https:\/\/agora.xtec.cat\/ceiplajota\/general\/carnaval-2022\/","title":{"rendered":"CARNAVAL 2022"},"content":{"rendered":"<p>Prepareu les ganes de gresca i de passar-ho b\u00e9, el <strong><span style=\"color: #ff0000;\"><span style=\"color: #ff6600;\">C<\/span><span style=\"color: #00ffff;\">A<\/span><span style=\"color: #0000ff;\">R<\/span><span style=\"color: #339966;\">N<\/span><span style=\"color: #ff6600;\">A<\/span><span style=\"color: #ff00ff;\">V<\/span><span style=\"color: #00ff00;\">A<\/span><span style=\"color: #cc99ff;\">L<\/span><\/span><\/strong> ja s&#8217;acosta i el <strong><span style=\"color: #ff0000;\">R<span style=\"color: #339966;\">E<\/span><\/span><span style=\"color: #ffcc00;\">I<\/span> <span style=\"color: #0000ff;\">C<\/span><span style=\"color: #ff00ff;\">A<\/span><span style=\"color: #ff6600;\">R<\/span><span style=\"color: #800080;\">N<\/span><span style=\"color: #ffcc99;\">E<\/span><span style=\"color: #00ffff;\">S<\/span><span style=\"color: #99cc00;\">T<\/span><span style=\"color: #ff0000;\">O<\/span><span style=\"color: #ffff00;\">L<\/span><span style=\"color: #cc99ff;\">T<\/span><span style=\"color: #ff6600;\">E<\/span><span style=\"color: #008000;\">S<\/span><\/strong> ens far\u00e0 gaudir d&#8217;aquests dies.<\/p>\n<p><strong>Qu\u00e8 us tenim preparat<span style=\"color: #339966;\">?<\/span><span style=\"color: #ff6600;\">?<\/span><span style=\"font-family: inherit; font-size: 1em; color: #3366ff;\">?<\/span><\/strong><\/p>\n<p>De dilluns a divendres les <strong><span style=\"color: #ff6600;\">O<\/span><span style=\"color: #3366ff;\">R<\/span><span style=\"color: #008000;\">D<\/span><span style=\"color: #ffff00;\">R<\/span><span style=\"color: #ff00ff;\">E<\/span><span style=\"color: #993366;\">S<\/span> <\/strong>del\u00a0<strong><span style=\"color: #ff0000;\">R<span style=\"color: #339966;\">E<\/span><\/span><span style=\"color: #ffcc00;\">I<\/span> <span style=\"color: #0000ff;\">C<\/span><span style=\"color: #ff00ff;\">A<\/span><span style=\"color: #ff6600;\">R<\/span><span style=\"color: #800080;\">N<\/span><span style=\"color: #ffcc99;\">E<\/span><span style=\"color: #00ffff;\">S<\/span><span style=\"color: #99cc00;\">T<\/span><span style=\"color: #ff0000;\">O<\/span><span style=\"color: #ffff00;\">L<\/span><span style=\"color: #cc99ff;\">T<\/span><span style=\"color: #ff6600;\">E<\/span><span style=\"color: #008000;\">S.\u00a0<\/span><\/strong><span style=\"color: #008000;\"><span style=\"color: #000000;\">Aquestes ordres les prepara l&#8217;alumnat de 6\u00e8 curs. Les trien, les redacten, les distribueixen per dies i les van a comunicar a les classes cada dia.<\/span><\/span><\/p>\n<p>Dilluns 21: <span style=\"color: #ff6600;\">EN PIJAMA AL COLE HAS DE VENIR.<\/span><\/p>\n<p>Dimarts 22: <span style=\"color: #008000;\">UN PENTINAT BOIG HAS DE PORTAR.<\/span><\/p>\n<p>Dimecres 23: <span style=\"color: #ff0000;\">D&#8217;ESPORTISTA T&#8217;HAS DE VESTIR.<\/span><\/p>\n<p>Dijous 24: <span style=\"color: #0000ff;\">DISFRESSA DE CASA HAS DE PORTAR.\u00a0<\/span><\/p>\n<p>Divendres 25: <span style=\"color: #ff00ff;\">A L&#8217;ESCOLA ET DISFRESSAR\u00c0S.<\/span><\/p>\n<p><span style=\"color: #000000;\"><strong><span style=\"color: #008000;\">D<\/span><span style=\"color: #3366ff;\">I<\/span><span style=\"color: #ff0000;\">J<\/span><span style=\"color: #00ffff;\">O<\/span><span style=\"color: #ff6600;\">U<\/span><span style=\"color: #00ff00;\">S<\/span> <span style=\"color: #0000ff;\">G<\/span><span style=\"color: #ff00ff;\">R<\/span><span style=\"color: #3366ff;\">A<\/span><span style=\"color: #800080;\">S<\/span><\/strong>: dijous dia 24. Al mat\u00ed les fam\u00edlies estan convidades per veure les desfilades de disfresses. Prepareu la m\u00fasica que al llarg del mat\u00ed gaudirem de la festa.\u00a0 L&#8217;alumnat d&#8217;educaci\u00f3 infantil far\u00e0 el seu tradicional tastet de botifarra d&#8217;ou.*<\/span><\/p>\n<p>*<em>botifarra apta per al\u00b7l\u00e8rgics<\/em><\/p>\n<p>La tarda del dijous tindrem la <strong><span style=\"color: #800000;\">XOCOLATADA<\/span><\/strong> que l&#8217;AMPA La Jota ens ofereix. A les classes, mentre pintem i juguem, la xocolata amb melindros menjarem. Si les fam\u00edlies tamb\u00e9 voleu xocolata, una mica abans de l&#8217;hora de la sortida tamb\u00e9 en podreu tenir. A les dues portes d&#8217;acc\u00e9s al recinte escolar l&#8217;AMPA us en vendr\u00e0.<\/p>\n<p><strong><span style=\"color: #ff6600;\">D<\/span><span style=\"color: #00ff00;\">I<\/span><span style=\"color: #0000ff;\">V<\/span><span style=\"color: #ff0000;\">E<\/span><span style=\"color: #ff00ff;\">N<\/span><span style=\"color: #ffcc00;\">D<\/span><span style=\"color: #00ffff;\">R<\/span><span style=\"color: #cc99ff;\">E<\/span><span style=\"color: #33cccc;\">S<\/span> <span style=\"color: #cc99ff;\">D<\/span><span style=\"color: #008000;\">E<\/span><\/strong> <span style=\"color: #ff0000;\"><strong><span style=\"color: #ff6600;\">C<\/span><span style=\"color: #00ffff;\">A<\/span><span style=\"color: #0000ff;\">R<\/span><span style=\"color: #339966;\">N<\/span><span style=\"color: #ff6600;\">A<\/span><span style=\"color: #ff00ff;\">V<\/span><span style=\"color: #00ff00;\">A<\/span><\/strong><span style=\"color: #cc99ff;\"><strong>L<\/strong><span style=\"color: #000000;\">: divendres dia 25. Al mat\u00ed gaudirem de la m\u00e0gia. Al pati de l&#8217;escola podrem veure com el MAG ADAM ens meravella amb els seus trucs. Per la tarda, cap all\u00e0 les 15:45h, farem una petita <strong><span style=\"color: #ff0000;\">R<\/span><span style=\"color: #0000ff;\">U<\/span><span style=\"color: #339966;\">A <\/span><\/strong>per l&#8217;av. Burgos. Us mostrarem les disfresses que hem estat preparant a classe. Ben aviat us facilitarem l&#8217;organitzaci\u00f3 d&#8217;aquesta.<\/span><\/span><\/span><\/p>\n<p><strong><span style=\"color: #ff6600;\">A GAUDIR DE LA FESTA!!!<\/span><\/strong><\/p>\n<p>Totes les fotografies d&#8217;aquests dies les trobareu als diferents Blogs d&#8217;escola.<\/p>\n","protected":false},"excerpt":{"rendered":"<p>Prepareu les ganes de gresca i de passar-ho b\u00e9, el CARNAVAL ja s&#8217;acosta i el REI CARNESTOLTES ens far\u00e0 gaudir d&#8217;aquests dies.<br \/>\nQu\u00e8 us tenim preparat???<br \/>\nDe dilluns a divendres les ORDRES del\u00a0REI CARNESTOLTES.\u00a0Aquestes ordres les prepara l&#8217;alumnat de 6\u00e8 curs. Les trien, les redacten, les distribueixen&hellip;  <a href=\"https:\/\/agora.xtec.cat\/ceiplajota\/general\/carnaval-2022\/\" title=\"Read CARNAVAL 2022\">Llegeix m\u00e9s\u00bb<\/a><\/p>\n","protected":false},"author":1,"featured_media":4421,"comment_status":"open","ping_status":"closed","sticky":false,"template":"","format":"standard","meta":{"_bbp_topic_count":0,"_bbp_reply_count":0,"_bbp_total_topic_count":0,"_bbp_total_reply_count":0,"_bbp_voice_count":0,"_bbp_anonymous_reply_count":0,"_bbp_topic_count_hidden":0,"_bbp_reply_count_hidden":0,"_bbp_forum_subforum_count":0,"footnotes":""},"categories":[1],"tags":[],"class_list":["post-4411","post","type-post","status-publish","format-standard","has-post-thumbnail","hentry","category-general"],"post_mailing_queue_ids":[],"_links":{"self":[{"href":"https:\/\/agora.xtec.cat\/ceiplajota\/wp-json\/wp\/v2\/posts\/4411","targetHints":{"allow":["GET"]}}],"collection":[{"href":"https:\/\/agora.xtec.cat\/ceiplajota\/wp-json\/wp\/v2\/posts"}],"about":[{"href":"https:\/\/agora.xtec.cat\/ceiplajota\/wp-json\/wp\/v2\/types\/post"}],"author":[{"embeddable":true,"href":"https:\/\/agora.xtec.cat\/ceiplajota\/wp-json\/wp\/v2\/users\/1"}],"replies":[{"embeddable":true,"href":"https:\/\/agora.xtec.cat\/ceiplajota\/wp-json\/wp\/v2\/comments?post=4411"}],"version-history":[{"count":4,"href":"https:\/\/agora.xtec.cat\/ceiplajota\/wp-json\/wp\/v2\/posts\/4411\/revisions"}],"predecessor-version":[{"id":4459,"href":"https:\/\/agora.xtec.cat\/ceiplajota\/wp-json\/wp\/v2\/posts\/4411\/revisions\/4459"}],"wp:featuredmedia":[{"embeddable":true,"href":"https:\/\/agora.xtec.cat\/ceiplajota\/wp-json\/wp\/v2\/media\/4421"}],"wp:attachment":[{"href":"https:\/\/agora.xtec.cat\/ceiplajota\/wp-json\/wp\/v2\/media?parent=4411"}],"wp:term":[{"taxonomy":"category","embeddable":true,"href":"https:\/\/agora.xtec.cat\/ceiplajota\/wp-json\/wp\/v2\/categories?post=4411"},{"taxonomy":"post_tag","embeddable":true,"href":"https:\/\/agora.xtec.cat\/ceiplajota\/wp-json\/wp\/v2\/tags?post=4411"}],"curies":[{"name":"wp","href":"https:\/\/api.w.org\/{rel}","templated":true}]}}