{"id":4382,"date":"2022-01-28T19:38:10","date_gmt":"2022-01-28T18:38:10","guid":{"rendered":"https:\/\/agora.xtec.cat\/ceiplajota\/?p=4382"},"modified":"2022-02-13T20:21:48","modified_gmt":"2022-02-13T19:21:48","slug":"dia-de-la-pau","status":"publish","type":"post","link":"https:\/\/agora.xtec.cat\/ceiplajota\/general\/dia-de-la-pau\/","title":{"rendered":"DIA DE LA PAU"},"content":{"rendered":"<p>Aquest divendres dia 28 de gener de 2022 hem celebrat a l&#8217;Escola La Jota el <a href=\"https:\/\/ca.wikipedia.org\/wiki\/Dia_Escolar_de_la_No-viol%C3%A8ncia_i_la_Pau\" target=\"_blank\" rel=\"noopener\"><strong><span style=\"color: #0000ff;\">DIA ESCOLAR DE LA NO VIOL\u00c8NCIA I LA PAU<\/span><\/strong><\/a><\/p>\n<p id=\"firstHeading\" class=\"firstHeading mw-first-heading\">Fa uns cursos (abans del covid),\u00a0 en una reuni\u00f3 de la Comissi\u00f3 AVAC formada per fam\u00edlies i mestres de l&#8217;escola, va sorgir la idea de fer entre tots i totes un <strong>BANC DE L&#8217;AMISTAT.<\/strong><\/p>\n<p>Aquesta idea s&#8217;ha anat treballant, s&#8217;ha buscat informaci\u00f3, s&#8217;ha creat material i per fi, s&#8217;ha pogut portar a terme. Mira qu\u00e8 hem preparat. <a href=\"https:\/\/drive.google.com\/file\/d\/1NwGyWIHR7AJ4caMaTV7nEWyPu8k3dWnN\/view?usp=sharing\" target=\"_blank\" rel=\"noopener\">CLICA<\/a><\/p>\n<p>A cada classe, els nens i les nenes han anat creant el seu banc de l&#8217;amistat. De tots els dissenys en fan una tria i aquesta s&#8217;ajunta amb les altres tries de les altres classes de cada cicle. Cada cicle tindr\u00e0 el seu banc de l&#8217;amistat, b\u00e9 a Cicle Superior ser\u00e0 el rac\u00f3 de l&#8217;amistat.<\/p>\n<p>Mira les imatges:<\/p>\n<p><a href=\"https:\/\/photos.app.goo.gl\/bDk64zWiRmFS4dQq8\" target=\"_blank\" rel=\"noopener\">Educaci\u00f3 Infantil (P3, P4 i P5)<\/a><\/p>\n<p><a href=\"https:\/\/photos.app.goo.gl\/q1iap4aXgf5m3Pzi7\" target=\"_blank\" rel=\"noopener\">Cicle Inicial (1r i 2n)<\/a><\/p>\n<p><a href=\"https:\/\/photos.app.goo.gl\/sHX8AgHaaNyCEkw38\" target=\"_blank\" rel=\"noopener\">Cicle Mitj\u00e0 (3r i 4t)<\/a><\/p>\n<p>Cicle Superior (5\u00e8 i 6\u00e8)<\/p>\n<p>I un cop triat el disseny del banc de l&#8217;amistat que agradi m\u00e9s als nens i nenes de calda cicle, us necessitem a vosaltres pares i mares per ajudar-nos a pintar. D&#8217;aqu\u00ed a poc us avisem i <strong><span style=\"color: #00ff00;\">A PINTAR!!!<\/span><\/strong><\/p>\n<p>&nbsp;<\/p>\n","protected":false},"excerpt":{"rendered":"<p>Aquest divendres dia 28 de gener de 2022 hem celebrat a l&#8217;Escola La Jota el <a href=\"https:\/\/ca.wikipedia.org\/wiki\/Dia_Escolar_de_la_No-viol%C3%A8ncia_i_la_Pau\" target=\"_blank\" rel=\"noopener\">DIA ESCOLAR DE LA NO VIOL\u00c8NCIA I LA PAU<\/a><br \/>\nFa uns cursos (abans del covid),\u00a0 en una reuni\u00f3 de la Comissi\u00f3 AVAC formada per fam\u00edlies i mestres de&hellip;  <a href=\"https:\/\/agora.xtec.cat\/ceiplajota\/general\/dia-de-la-pau\/\" title=\"Read DIA DE LA PAU\">Llegeix m\u00e9s\u00bb<\/a><\/p>\n","protected":false},"author":1,"featured_media":4384,"comment_status":"open","ping_status":"closed","sticky":false,"template":"","format":"standard","meta":{"_bbp_topic_count":0,"_bbp_reply_count":0,"_bbp_total_topic_count":0,"_bbp_total_reply_count":0,"_bbp_voice_count":0,"_bbp_anonymous_reply_count":0,"_bbp_topic_count_hidden":0,"_bbp_reply_count_hidden":0,"_bbp_forum_subforum_count":0,"footnotes":""},"categories":[1],"tags":[],"class_list":["post-4382","post","type-post","status-publish","format-standard","has-post-thumbnail","hentry","category-general"],"post_mailing_queue_ids":[],"_links":{"self":[{"href":"https:\/\/agora.xtec.cat\/ceiplajota\/wp-json\/wp\/v2\/posts\/4382","targetHints":{"allow":["GET"]}}],"collection":[{"href":"https:\/\/agora.xtec.cat\/ceiplajota\/wp-json\/wp\/v2\/posts"}],"about":[{"href":"https:\/\/agora.xtec.cat\/ceiplajota\/wp-json\/wp\/v2\/types\/post"}],"author":[{"embeddable":true,"href":"https:\/\/agora.xtec.cat\/ceiplajota\/wp-json\/wp\/v2\/users\/1"}],"replies":[{"embeddable":true,"href":"https:\/\/agora.xtec.cat\/ceiplajota\/wp-json\/wp\/v2\/comments?post=4382"}],"version-history":[{"count":3,"href":"https:\/\/agora.xtec.cat\/ceiplajota\/wp-json\/wp\/v2\/posts\/4382\/revisions"}],"predecessor-version":[{"id":4391,"href":"https:\/\/agora.xtec.cat\/ceiplajota\/wp-json\/wp\/v2\/posts\/4382\/revisions\/4391"}],"wp:featuredmedia":[{"embeddable":true,"href":"https:\/\/agora.xtec.cat\/ceiplajota\/wp-json\/wp\/v2\/media\/4384"}],"wp:attachment":[{"href":"https:\/\/agora.xtec.cat\/ceiplajota\/wp-json\/wp\/v2\/media?parent=4382"}],"wp:term":[{"taxonomy":"category","embeddable":true,"href":"https:\/\/agora.xtec.cat\/ceiplajota\/wp-json\/wp\/v2\/categories?post=4382"},{"taxonomy":"post_tag","embeddable":true,"href":"https:\/\/agora.xtec.cat\/ceiplajota\/wp-json\/wp\/v2\/tags?post=4382"}],"curies":[{"name":"wp","href":"https:\/\/api.w.org\/{rel}","templated":true}]}}