{"id":4322,"date":"2021-12-22T16:04:46","date_gmt":"2021-12-22T15:04:46","guid":{"rendered":"https:\/\/agora.xtec.cat\/ceiplajota\/?p=4322"},"modified":"2022-02-27T08:01:16","modified_gmt":"2022-02-27T07:01:16","slug":"els-reis-mags-dorient-arriben-a-la-jota","status":"publish","type":"post","link":"https:\/\/agora.xtec.cat\/ceiplajota\/general\/els-reis-mags-dorient-arriben-a-la-jota\/","title":{"rendered":"Els Reis Mags d&#8217;Orient arriben a La Jota"},"content":{"rendered":"<p>Avui 22 de desembre a la nostra escola hem rebut una visita molt especial.<\/p>\n<p>Els Reis Mags acompanyats dels seus patges han vingut a visitar-nos!<\/p>\n<p>Els nens i les nenes d&#8217;infantil li hem donat les nostres cartes, i fins i tot d&#8217;alguns dels companys i companyes que avui no han pogut venir.<\/p>\n<p>Fam\u00edlies nosaltres tamb\u00e9 us volem regalar alguns moments d&#8217;aquesta visita tan m\u00e0gica, cliqueu al curs que voleu veure a continuaci\u00f3:<\/p>\n<p><a href=\"https:\/\/photos.app.goo.gl\/b2wyvkZ3VPucxooV6\">P3A<\/a><\/p>\n<p><a href=\"https:\/\/photos.app.goo.gl\/TGNv83GQvRQ4gA8r6\">P3B<\/a><\/p>\n<p><a href=\"https:\/\/photos.app.goo.gl\/khGg4gbVK8BQbgVH9\">P4B<\/a><\/p>\n<p><a href=\"https:\/\/photos.app.goo.gl\/qABdHAicPKJTf4286\">P5A<\/a><\/p>\n<p>Tot l&#8217;equip us volem desitjar BONES FESTES!<\/p>\n<p><img loading=\"lazy\" decoding=\"async\" class=\"n3VNCb aligncenter\" src=\"https:\/\/eresmama.com\/wp-content\/uploads\/2019\/12\/reyes-magos-scaled.jpg\" alt=\"Los Reyes Magos llegan a la literatura infantil - Eres Mam\u00e1\" width=\"528\" height=\"528\" data-noaft=\"1\" \/><\/p>\n","protected":false},"excerpt":{"rendered":"<p>Avui 22 de desembre a la nostra escola hem rebut una visita molt especial.<br \/>\nEls Reis Mags acompanyats dels seus patges han vingut a visitar-nos!<br \/>\nEls nens i les nenes d&#8217;infantil li hem donat les nostres cartes, i fins i tot d&#8217;alguns dels companys i companyes que&hellip;  <a href=\"https:\/\/agora.xtec.cat\/ceiplajota\/general\/els-reis-mags-dorient-arriben-a-la-jota\/\" title=\"Read Els Reis Mags d&#8217;Orient arriben a La Jota\">Llegeix m\u00e9s\u00bb<\/a><\/p>\n","protected":false},"author":34,"featured_media":0,"comment_status":"open","ping_status":"closed","sticky":false,"template":"","format":"standard","meta":{"_bbp_topic_count":0,"_bbp_reply_count":0,"_bbp_total_topic_count":0,"_bbp_total_reply_count":0,"_bbp_voice_count":0,"_bbp_anonymous_reply_count":0,"_bbp_topic_count_hidden":0,"_bbp_reply_count_hidden":0,"_bbp_forum_subforum_count":0,"footnotes":""},"categories":[1,2,3,8,9],"tags":[],"class_list":["post-4322","post","type-post","status-publish","format-standard","hentry","category-general","category-infantil","category-p3","category-p4","category-p5"],"post_mailing_queue_ids":[],"_links":{"self":[{"href":"https:\/\/agora.xtec.cat\/ceiplajota\/wp-json\/wp\/v2\/posts\/4322","targetHints":{"allow":["GET"]}}],"collection":[{"href":"https:\/\/agora.xtec.cat\/ceiplajota\/wp-json\/wp\/v2\/posts"}],"about":[{"href":"https:\/\/agora.xtec.cat\/ceiplajota\/wp-json\/wp\/v2\/types\/post"}],"author":[{"embeddable":true,"href":"https:\/\/agora.xtec.cat\/ceiplajota\/wp-json\/wp\/v2\/users\/34"}],"replies":[{"embeddable":true,"href":"https:\/\/agora.xtec.cat\/ceiplajota\/wp-json\/wp\/v2\/comments?post=4322"}],"version-history":[{"count":3,"href":"https:\/\/agora.xtec.cat\/ceiplajota\/wp-json\/wp\/v2\/posts\/4322\/revisions"}],"predecessor-version":[{"id":4490,"href":"https:\/\/agora.xtec.cat\/ceiplajota\/wp-json\/wp\/v2\/posts\/4322\/revisions\/4490"}],"wp:attachment":[{"href":"https:\/\/agora.xtec.cat\/ceiplajota\/wp-json\/wp\/v2\/media?parent=4322"}],"wp:term":[{"taxonomy":"category","embeddable":true,"href":"https:\/\/agora.xtec.cat\/ceiplajota\/wp-json\/wp\/v2\/categories?post=4322"},{"taxonomy":"post_tag","embeddable":true,"href":"https:\/\/agora.xtec.cat\/ceiplajota\/wp-json\/wp\/v2\/tags?post=4322"}],"curies":[{"name":"wp","href":"https:\/\/api.w.org\/{rel}","templated":true}]}}