{"id":4307,"date":"2021-12-21T15:48:56","date_gmt":"2021-12-21T14:48:56","guid":{"rendered":"https:\/\/agora.xtec.cat\/ceiplajota\/?p=4307"},"modified":"2021-12-21T16:14:20","modified_gmt":"2021-12-21T15:14:20","slug":"tio-de-nadal","status":"publish","type":"post","link":"https:\/\/agora.xtec.cat\/ceiplajota\/general\/tio-de-nadal\/","title":{"rendered":"Ti\u00f3 de Nadal"},"content":{"rendered":"<p><img decoding=\"async\" class=\"alignright\" src=\"https:\/\/encrypted-tbn0.gstatic.com\/images?q=tbn:ANd9GcRy2tqf_eV0MuWzAC97F3Aju0wYT77oKtMdCA&amp;usqp=CAU\" alt=\"tio de nadal | StarrTrekking\" \/><\/p>\n<p>Hola fam\u00edlies!.<\/p>\n<p>Els nens i nenes d&#8217;infantil de l&#8217;escola <strong>La Jota<\/strong> hem fet cagar el ti\u00f3.<\/p>\n<p>Coneixeu el ti\u00f3?<\/p>\n<p>Aqui teniu uns enlla\u00e7os que us far\u00e0n 5 c\u00e8ntims:<\/p>\n<ul>\n<li><a style=\"color: #2795b6\" href=\"https:\/\/blogs.20minutos.es\/yaestaellistoquetodolosabe\/que-es-y-cual-es-el-origen-de-la-tradicion-catalana-de-fer-cagar-al-tio\/\">Hist\u00f2ria\/origen del ti\u00f3<\/a><\/li>\n<li><a href=\"https:\/\/www.google.com\/search?q=historia+del+tio+de+nadal&amp;tbm=isch&amp;chips=q:historia+del+tio+de+nadal,online_chips:contes:jHKKwIUpAUI%3D&amp;hl=en&amp;sa=X&amp;ved=2ahUKEwjF28OwjvX0AhVDPhoKHUJHCLcQ4lYoAXoECAEQEw&amp;biw=1007&amp;bih=640\">LLibres i contes sobre el ti\u00f3<\/a><\/li>\n<li><a href=\"https:\/\/www.youtube.com\/watch?v=cJ0mGazsAkU\">Can\u00e7\u00f3: ti\u00f3 de Nadal<\/a><\/li>\n<\/ul>\n<p>Voleu veure imatges i videos de com ho hem fet? Cliqueu: <a href=\"https:\/\/photos.app.goo.gl\/WM8hDeezyPYmYh5u9\">Ti\u00f3 de Nadal<\/a><\/p>\n","protected":false},"excerpt":{"rendered":"<p>Hola fam\u00edlies!.<br \/>\nEls nens i nenes d&#8217;infantil de l&#8217;escola La Jota hem fet cagar el ti\u00f3.<br \/>\nConeixeu el ti\u00f3?<br \/>\nAqui teniu uns enlla\u00e7os que us far\u00e0n 5 c\u00e8ntims:<\/p>\n<ul>\n<li><a style=\"color: #2795b6\" href=\"https:\/\/blogs.20minutos.es\/yaestaellistoquetodolosabe\/que-es-y-cual-es-el-origen-de-la-tradicion-catalana-de-fer-cagar-al-tio\/\">Hist\u00f2ria\/origen del ti\u00f3<\/a><\/li>\n<li><a href=\"https:\/\/www.google.com\/search?q=historia+del+tio+de+nadal&amp;tbm=isch&amp;chips=q:historia+del+tio+de+nadal,online_chips:contes:jHKKwIUpAUI%3D&amp;hl=en&amp;sa=X&amp;ved=2ahUKEwjF28OwjvX0AhVDPhoKHUJHCLcQ4lYoAXoECAEQEw&amp;biw=1007&amp;bih=640\">LLibres i contes sobre el ti\u00f3<\/a><\/li>\n<li><a href=\"https:\/\/www.youtube.com\/watch?v=cJ0mGazsAkU\">Can\u00e7\u00f3: ti\u00f3 de Nadal<\/a><\/li>\n<\/ul>\n<p>Voleu veure imatges i videos de&hellip;  <a href=\"https:\/\/agora.xtec.cat\/ceiplajota\/general\/tio-de-nadal\/\" title=\"Read Ti\u00f3 de Nadal\">Llegeix m\u00e9s\u00bb<\/a><\/p>\n","protected":false},"author":34,"featured_media":4310,"comment_status":"open","ping_status":"closed","sticky":false,"template":"","format":"standard","meta":{"_bbp_topic_count":0,"_bbp_reply_count":0,"_bbp_total_topic_count":0,"_bbp_total_reply_count":0,"_bbp_voice_count":0,"_bbp_anonymous_reply_count":0,"_bbp_topic_count_hidden":0,"_bbp_reply_count_hidden":0,"_bbp_forum_subforum_count":0,"footnotes":""},"categories":[1,2,3,8,9],"tags":[],"class_list":["post-4307","post","type-post","status-publish","format-standard","has-post-thumbnail","hentry","category-general","category-infantil","category-p3","category-p4","category-p5"],"post_mailing_queue_ids":[],"_links":{"self":[{"href":"https:\/\/agora.xtec.cat\/ceiplajota\/wp-json\/wp\/v2\/posts\/4307","targetHints":{"allow":["GET"]}}],"collection":[{"href":"https:\/\/agora.xtec.cat\/ceiplajota\/wp-json\/wp\/v2\/posts"}],"about":[{"href":"https:\/\/agora.xtec.cat\/ceiplajota\/wp-json\/wp\/v2\/types\/post"}],"author":[{"embeddable":true,"href":"https:\/\/agora.xtec.cat\/ceiplajota\/wp-json\/wp\/v2\/users\/34"}],"replies":[{"embeddable":true,"href":"https:\/\/agora.xtec.cat\/ceiplajota\/wp-json\/wp\/v2\/comments?post=4307"}],"version-history":[{"count":3,"href":"https:\/\/agora.xtec.cat\/ceiplajota\/wp-json\/wp\/v2\/posts\/4307\/revisions"}],"predecessor-version":[{"id":4311,"href":"https:\/\/agora.xtec.cat\/ceiplajota\/wp-json\/wp\/v2\/posts\/4307\/revisions\/4311"}],"wp:featuredmedia":[{"embeddable":true,"href":"https:\/\/agora.xtec.cat\/ceiplajota\/wp-json\/wp\/v2\/media\/4310"}],"wp:attachment":[{"href":"https:\/\/agora.xtec.cat\/ceiplajota\/wp-json\/wp\/v2\/media?parent=4307"}],"wp:term":[{"taxonomy":"category","embeddable":true,"href":"https:\/\/agora.xtec.cat\/ceiplajota\/wp-json\/wp\/v2\/categories?post=4307"},{"taxonomy":"post_tag","embeddable":true,"href":"https:\/\/agora.xtec.cat\/ceiplajota\/wp-json\/wp\/v2\/tags?post=4307"}],"curies":[{"name":"wp","href":"https:\/\/api.w.org\/{rel}","templated":true}]}}