{"id":4294,"date":"2021-12-11T07:01:08","date_gmt":"2021-12-11T06:01:08","guid":{"rendered":"https:\/\/agora.xtec.cat\/ceiplajota\/?p=4294"},"modified":"2021-12-19T11:14:20","modified_gmt":"2021-12-19T10:14:20","slug":"marato-de-tv3","status":"publish","type":"post","link":"https:\/\/agora.xtec.cat\/ceiplajota\/general\/marato-de-tv3\/","title":{"rendered":"MARAT\u00d3 DE TV3"},"content":{"rendered":"<p>Les escoles de prim\u00e0ria i els instituts de Badia del Vall\u00e8s ens hem sumat amb la <em>Asociaci\u00f3n TDAH+TEA Badia del Vall\u00e9s<\/em>\u00a0per participar en les activitats <strong><span style=\"color: #ff0000;\">&#8220;Badia camina per la Salut Mental&#8221;.\u00a0<\/span><\/strong><\/p>\n<p>Els nens i les nenes de 4tA i 4tB de La Jota han preparat unes manualitats molt boniques que es vendran a les paradetes de recaptaci\u00f3 de fons per a la Marat\u00f3 de TV3. Us animem a qu\u00e8 ho aneu a veure i qu\u00e8 hi participeu. Mireu quins imans m\u00e9s bonics!!!\u00a0\u00a0<a href=\"https:\/\/photos.app.goo.gl\/h4umuBJHeyiFshzCA\" target=\"_blank\" rel=\"noopener\">https:\/\/photos.app.goo.gl\/h4umuBJHeyiFshzCA<\/a><\/p>\n<p>Us afegim el cartell de les activitats.<\/p>\n<p><a href=\"https:\/\/agora.xtec.cat\/ceiplajota\/wp-content\/uploads\/usu1571\/2021\/12\/Cartell-Badia-camina.jpg\"><img loading=\"lazy\" decoding=\"async\" class=\"aligncenter wp-image-4295\" src=\"https:\/\/agora.xtec.cat\/ceiplajota\/wp-content\/uploads\/usu1571\/2021\/12\/Cartell-Badia-camina.jpg\" alt=\"\" width=\"372\" height=\"526\" srcset=\"https:\/\/agora.xtec.cat\/ceiplajota\/wp-content\/uploads\/usu1571\/2021\/12\/Cartell-Badia-camina.jpg 1755w, https:\/\/agora.xtec.cat\/ceiplajota\/wp-content\/uploads\/usu1571\/2021\/12\/Cartell-Badia-camina-212x300.jpg 212w, https:\/\/agora.xtec.cat\/ceiplajota\/wp-content\/uploads\/usu1571\/2021\/12\/Cartell-Badia-camina-724x1024.jpg 724w, https:\/\/agora.xtec.cat\/ceiplajota\/wp-content\/uploads\/usu1571\/2021\/12\/Cartell-Badia-camina-768x1086.jpg 768w, https:\/\/agora.xtec.cat\/ceiplajota\/wp-content\/uploads\/usu1571\/2021\/12\/Cartell-Badia-camina-1087x1536.jpg 1087w, https:\/\/agora.xtec.cat\/ceiplajota\/wp-content\/uploads\/usu1571\/2021\/12\/Cartell-Badia-camina-1449x2048.jpg 1449w\" sizes=\"auto, (max-width: 372px) 100vw, 372px\" \/><\/a><\/p>\n<p>Aqu\u00ed teniu l\u2019enlla\u00e7 de la noticia de la web de l&#8217;ajuntament: <a href=\"https:\/\/www.badiadelvalles.cat\/document.php?id=9784\" target=\"_blank\" rel=\"noopener noreferrer\" data-saferedirecturl=\"https:\/\/www.google.com\/url?q=https:\/\/www.badiadelvalles.cat\/document.php?id%3D9784&amp;source=gmail&amp;ust=1639286596310000&amp;usg=AOvVaw1eKchdOT_NL-vcj35qk2Qu\">https:\/\/www.badiadelvalles.<wbr \/>cat\/document.php?id=9784<\/a><\/p>\n<p>Afegim a continuaci\u00f3, l&#8217;enlla\u00e7 a la informaci\u00f3 de la\u00a0 <em>Asociaci\u00f3n TDAH+TEA Badia del Vall\u00e9s<\/em> <a href=\"https:\/\/tdahteabadia.es\/\" target=\"_blank\" rel=\"noopener\">https:\/\/tdahteabadia.es\/<\/a><\/p>\n","protected":false},"excerpt":{"rendered":"<p>Les escoles de prim\u00e0ria i els instituts de Badia del Vall\u00e8s ens hem sumat amb la Asociaci\u00f3n TDAH+TEA Badia del Vall\u00e9s\u00a0per participar en les activitats &#8220;Badia camina per la Salut Mental&#8221;.\u00a0<br \/>\nEls nens i les nenes de 4tA i 4tB de La Jota han preparat unes&hellip;  <a href=\"https:\/\/agora.xtec.cat\/ceiplajota\/general\/marato-de-tv3\/\" title=\"Read MARAT\u00d3 DE TV3\">Llegeix m\u00e9s\u00bb<\/a><\/p>\n","protected":false},"author":1,"featured_media":4299,"comment_status":"open","ping_status":"closed","sticky":false,"template":"","format":"standard","meta":{"_bbp_topic_count":0,"_bbp_reply_count":0,"_bbp_total_topic_count":0,"_bbp_total_reply_count":0,"_bbp_voice_count":0,"_bbp_anonymous_reply_count":0,"_bbp_topic_count_hidden":0,"_bbp_reply_count_hidden":0,"_bbp_forum_subforum_count":0,"footnotes":""},"categories":[1],"tags":[],"class_list":["post-4294","post","type-post","status-publish","format-standard","has-post-thumbnail","hentry","category-general"],"post_mailing_queue_ids":[],"_links":{"self":[{"href":"https:\/\/agora.xtec.cat\/ceiplajota\/wp-json\/wp\/v2\/posts\/4294","targetHints":{"allow":["GET"]}}],"collection":[{"href":"https:\/\/agora.xtec.cat\/ceiplajota\/wp-json\/wp\/v2\/posts"}],"about":[{"href":"https:\/\/agora.xtec.cat\/ceiplajota\/wp-json\/wp\/v2\/types\/post"}],"author":[{"embeddable":true,"href":"https:\/\/agora.xtec.cat\/ceiplajota\/wp-json\/wp\/v2\/users\/1"}],"replies":[{"embeddable":true,"href":"https:\/\/agora.xtec.cat\/ceiplajota\/wp-json\/wp\/v2\/comments?post=4294"}],"version-history":[{"count":3,"href":"https:\/\/agora.xtec.cat\/ceiplajota\/wp-json\/wp\/v2\/posts\/4294\/revisions"}],"predecessor-version":[{"id":4306,"href":"https:\/\/agora.xtec.cat\/ceiplajota\/wp-json\/wp\/v2\/posts\/4294\/revisions\/4306"}],"wp:featuredmedia":[{"embeddable":true,"href":"https:\/\/agora.xtec.cat\/ceiplajota\/wp-json\/wp\/v2\/media\/4299"}],"wp:attachment":[{"href":"https:\/\/agora.xtec.cat\/ceiplajota\/wp-json\/wp\/v2\/media?parent=4294"}],"wp:term":[{"taxonomy":"category","embeddable":true,"href":"https:\/\/agora.xtec.cat\/ceiplajota\/wp-json\/wp\/v2\/categories?post=4294"},{"taxonomy":"post_tag","embeddable":true,"href":"https:\/\/agora.xtec.cat\/ceiplajota\/wp-json\/wp\/v2\/tags?post=4294"}],"curies":[{"name":"wp","href":"https:\/\/api.w.org\/{rel}","templated":true}]}}