{"id":4284,"date":"2021-12-09T14:00:37","date_gmt":"2021-12-09T13:00:37","guid":{"rendered":"https:\/\/agora.xtec.cat\/ceiplajota\/?p=4284"},"modified":"2021-12-09T14:01:05","modified_gmt":"2021-12-09T13:01:05","slug":"p5-excursio-vall-dhorta","status":"publish","type":"post","link":"https:\/\/agora.xtec.cat\/ceiplajota\/general\/p5-excursio-vall-dhorta\/","title":{"rendered":"P5 excursi\u00f3 Vall d&#8217;Horta"},"content":{"rendered":"<p>El passat dia 30\/11\/2021 els nens i les nenes de P5 vam fer una excursi\u00f3 a Vall d&#8217;Horta per explorar el bosc, vam aprendre moltes coses. Ens ho vam passar s\u00faper b\u00e9!<\/p>\n<p>Voleu veure una mica del qu\u00e8 vam fer? <a href=\"https:\/\/photos.app.goo.gl\/bTiZ3rs7mDtUPupC6\">Cliqueu aqu\u00ed<\/a><\/p>\n<p><img loading=\"lazy\" decoding=\"async\" class=\"aligncenter\" src=\"https:\/\/encrypted-tbn0.gstatic.com\/images?q=tbn:ANd9GcTYsuLoU1hZzjZc5eh6jPLGMqpVMd0hWL3Raw&amp;usqp=CAU\" alt=\"TERR ES TR E\" width=\"490\" height=\"239\" \/><\/p>\n","protected":false},"excerpt":{"rendered":"<p>El passat dia 30\/11\/2021 els nens i les nenes de P5 vam fer una excursi\u00f3 a Vall d&#8217;Horta per explorar el bosc, vam aprendre moltes coses. Ens ho vam passar s\u00faper b\u00e9!<br \/>\nVoleu veure una mica del qu\u00e8 vam fer? <a href=\"https:\/\/photos.app.goo.gl\/bTiZ3rs7mDtUPupC6\">Cliqueu aqu\u00ed<\/a><\/p>\n","protected":false},"author":34,"featured_media":0,"comment_status":"open","ping_status":"closed","sticky":false,"template":"","format":"standard","meta":{"_bbp_topic_count":0,"_bbp_reply_count":0,"_bbp_total_topic_count":0,"_bbp_total_reply_count":0,"_bbp_voice_count":0,"_bbp_anonymous_reply_count":0,"_bbp_topic_count_hidden":0,"_bbp_reply_count_hidden":0,"_bbp_forum_subforum_count":0,"footnotes":""},"categories":[1,2,9],"tags":[],"class_list":["post-4284","post","type-post","status-publish","format-standard","hentry","category-general","category-infantil","category-p5"],"post_mailing_queue_ids":[],"_links":{"self":[{"href":"https:\/\/agora.xtec.cat\/ceiplajota\/wp-json\/wp\/v2\/posts\/4284","targetHints":{"allow":["GET"]}}],"collection":[{"href":"https:\/\/agora.xtec.cat\/ceiplajota\/wp-json\/wp\/v2\/posts"}],"about":[{"href":"https:\/\/agora.xtec.cat\/ceiplajota\/wp-json\/wp\/v2\/types\/post"}],"author":[{"embeddable":true,"href":"https:\/\/agora.xtec.cat\/ceiplajota\/wp-json\/wp\/v2\/users\/34"}],"replies":[{"embeddable":true,"href":"https:\/\/agora.xtec.cat\/ceiplajota\/wp-json\/wp\/v2\/comments?post=4284"}],"version-history":[{"count":4,"href":"https:\/\/agora.xtec.cat\/ceiplajota\/wp-json\/wp\/v2\/posts\/4284\/revisions"}],"predecessor-version":[{"id":4289,"href":"https:\/\/agora.xtec.cat\/ceiplajota\/wp-json\/wp\/v2\/posts\/4284\/revisions\/4289"}],"wp:attachment":[{"href":"https:\/\/agora.xtec.cat\/ceiplajota\/wp-json\/wp\/v2\/media?parent=4284"}],"wp:term":[{"taxonomy":"category","embeddable":true,"href":"https:\/\/agora.xtec.cat\/ceiplajota\/wp-json\/wp\/v2\/categories?post=4284"},{"taxonomy":"post_tag","embeddable":true,"href":"https:\/\/agora.xtec.cat\/ceiplajota\/wp-json\/wp\/v2\/tags?post=4284"}],"curies":[{"name":"wp","href":"https:\/\/api.w.org\/{rel}","templated":true}]}}