{"id":4271,"date":"2021-11-29T09:03:06","date_gmt":"2021-11-29T08:03:06","guid":{"rendered":"https:\/\/agora.xtec.cat\/ceiplajota\/?p=4271"},"modified":"2021-12-05T09:09:09","modified_gmt":"2021-12-05T08:09:09","slug":"eleccions-al-consell-escolar","status":"publish","type":"post","link":"https:\/\/agora.xtec.cat\/ceiplajota\/general\/eleccions-al-consell-escolar\/","title":{"rendered":"ELECCIONS AL CONSELL ESCOLAR"},"content":{"rendered":"<p><a href=\"https:\/\/agora.xtec.cat\/ceiplajota\/wp-content\/uploads\/usu1571\/2021\/12\/cartell-jpg.jpg\"><img loading=\"lazy\" decoding=\"async\" class=\"wp-image-4273 alignleft\" src=\"https:\/\/agora.xtec.cat\/ceiplajota\/wp-content\/uploads\/usu1571\/2021\/12\/cartell-jpg.jpg\" alt=\"\" width=\"237\" height=\"168\" srcset=\"https:\/\/agora.xtec.cat\/ceiplajota\/wp-content\/uploads\/usu1571\/2021\/12\/cartell-jpg.jpg 1747w, https:\/\/agora.xtec.cat\/ceiplajota\/wp-content\/uploads\/usu1571\/2021\/12\/cartell-jpg-300x213.jpg 300w, https:\/\/agora.xtec.cat\/ceiplajota\/wp-content\/uploads\/usu1571\/2021\/12\/cartell-jpg-1024x727.jpg 1024w, https:\/\/agora.xtec.cat\/ceiplajota\/wp-content\/uploads\/usu1571\/2021\/12\/cartell-jpg-768x546.jpg 768w, https:\/\/agora.xtec.cat\/ceiplajota\/wp-content\/uploads\/usu1571\/2021\/12\/cartell-jpg-1536x1091.jpg 1536w\" sizes=\"auto, (max-width: 237px) 100vw, 237px\" \/><\/a><\/p>\n<p>Moltes gr\u00e0cies a tots i totes els candidats i candidates que us heu presentat per formar part del Consell Escolar de l&#8217;escola (sector pares i mares, PAS, PAE, mestres i Ajuntament).<\/p>\n<p>Agrair la participaci\u00f3 de tots els pares i mares que heu format part de la mesa electoral.<\/p>\n<p>Celebrar la participaci\u00f3 de les fam\u00edlies de l&#8217;escola en la votaci\u00f3, demostrant que <strong><span style=\"color: #000000;\">L&#8217;\u00c8XIT EDUCATIU, \u00c9S UN OBJECTIU I UNA RESPONSABILITAT DE TOTA LA COMUNITAT EDUCATIVA.<\/span><\/strong><\/p>\n<p>En breu us informarem dels resultats de les eleccions i de la nova composici\u00f3 del Consell Escolar.<\/p>\n<p>https:\/\/educacio.gencat.cat\/ca\/arees-actuacio\/families\/recursos\/recomanacions\/eleccions-consells-escolars\/<\/p>\n","protected":false},"excerpt":{"rendered":"<p><a href=\"https:\/\/agora.xtec.cat\/ceiplajota\/wp-content\/uploads\/usu1571\/2021\/12\/cartell-jpg.jpg\"><\/a><br \/>\nMoltes gr\u00e0cies a tots i totes els candidats i candidates que us heu presentat per formar part del Consell Escolar de l&#8217;escola (sector pares i mares, PAS, PAE, mestres i Ajuntament).<br \/>\nAgrair la participaci\u00f3 de tots els pares i mares que heu format part de&hellip;  <a href=\"https:\/\/agora.xtec.cat\/ceiplajota\/general\/eleccions-al-consell-escolar\/\" title=\"Read ELECCIONS AL CONSELL ESCOLAR\">Llegeix m\u00e9s\u00bb<\/a><\/p>\n","protected":false},"author":1,"featured_media":4275,"comment_status":"open","ping_status":"closed","sticky":false,"template":"","format":"standard","meta":{"_bbp_topic_count":0,"_bbp_reply_count":0,"_bbp_total_topic_count":0,"_bbp_total_reply_count":0,"_bbp_voice_count":0,"_bbp_anonymous_reply_count":0,"_bbp_topic_count_hidden":0,"_bbp_reply_count_hidden":0,"_bbp_forum_subforum_count":0,"footnotes":""},"categories":[1],"tags":[],"class_list":["post-4271","post","type-post","status-publish","format-standard","has-post-thumbnail","hentry","category-general"],"post_mailing_queue_ids":[],"_links":{"self":[{"href":"https:\/\/agora.xtec.cat\/ceiplajota\/wp-json\/wp\/v2\/posts\/4271","targetHints":{"allow":["GET"]}}],"collection":[{"href":"https:\/\/agora.xtec.cat\/ceiplajota\/wp-json\/wp\/v2\/posts"}],"about":[{"href":"https:\/\/agora.xtec.cat\/ceiplajota\/wp-json\/wp\/v2\/types\/post"}],"author":[{"embeddable":true,"href":"https:\/\/agora.xtec.cat\/ceiplajota\/wp-json\/wp\/v2\/users\/1"}],"replies":[{"embeddable":true,"href":"https:\/\/agora.xtec.cat\/ceiplajota\/wp-json\/wp\/v2\/comments?post=4271"}],"version-history":[{"count":2,"href":"https:\/\/agora.xtec.cat\/ceiplajota\/wp-json\/wp\/v2\/posts\/4271\/revisions"}],"predecessor-version":[{"id":4276,"href":"https:\/\/agora.xtec.cat\/ceiplajota\/wp-json\/wp\/v2\/posts\/4271\/revisions\/4276"}],"wp:featuredmedia":[{"embeddable":true,"href":"https:\/\/agora.xtec.cat\/ceiplajota\/wp-json\/wp\/v2\/media\/4275"}],"wp:attachment":[{"href":"https:\/\/agora.xtec.cat\/ceiplajota\/wp-json\/wp\/v2\/media?parent=4271"}],"wp:term":[{"taxonomy":"category","embeddable":true,"href":"https:\/\/agora.xtec.cat\/ceiplajota\/wp-json\/wp\/v2\/categories?post=4271"},{"taxonomy":"post_tag","embeddable":true,"href":"https:\/\/agora.xtec.cat\/ceiplajota\/wp-json\/wp\/v2\/tags?post=4271"}],"curies":[{"name":"wp","href":"https:\/\/api.w.org\/{rel}","templated":true}]}}