{"id":4266,"date":"2021-12-03T08:40:27","date_gmt":"2021-12-03T07:40:27","guid":{"rendered":"https:\/\/agora.xtec.cat\/ceiplajota\/?p=4266"},"modified":"2021-12-05T08:56:15","modified_gmt":"2021-12-05T07:56:15","slug":"recapte-daliments","status":"publish","type":"post","link":"https:\/\/agora.xtec.cat\/ceiplajota\/general\/recapte-daliments\/","title":{"rendered":"RECAPTE D&#8217;ALIMENTS"},"content":{"rendered":"<p><a href=\"https:\/\/agora.xtec.cat\/ceiplajota\/wp-content\/uploads\/usu1571\/2021\/12\/Captura.png\"><img loading=\"lazy\" decoding=\"async\" class=\"wp-image-4269 alignleft\" src=\"https:\/\/agora.xtec.cat\/ceiplajota\/wp-content\/uploads\/usu1571\/2021\/12\/Captura.png\" alt=\"\" width=\"166\" height=\"258\" srcset=\"https:\/\/agora.xtec.cat\/ceiplajota\/wp-content\/uploads\/usu1571\/2021\/12\/Captura.png 561w, https:\/\/agora.xtec.cat\/ceiplajota\/wp-content\/uploads\/usu1571\/2021\/12\/Captura-193x300.png 193w\" sizes=\"auto, (max-width: 166px) 100vw, 166px\" \/><\/a>Aquest curs tamb\u00e9 hem participat en el <span style=\"color: #3366ff;\"><strong>RECAPTE D&#8217;ALIMENTS PER A BADIA DEL VALL\u00c8S.\u00a0<\/strong><\/span><\/p>\n<p>Un any m\u00e9s hem col\u00b7laborat recolllint aliments i productes b\u00e0sics per a fam\u00edlies de la nostra poblaci\u00f3. La comunitat educativa de l&#8217;Escola La Jota (fam\u00edlies, mestres, personal del centre,&#8230;) s&#8217;ha volcat a portar aliments i altres productes b\u00e0sics per ajudar.<span style=\"color: #3366ff;\"><strong> Entre tots fem Badia!!!<\/strong><\/span><\/p>\n<p>Els nens i nenes de 6\u00e8A i de 6\u00e8B han estat els encarregats i encarregades de recollir, classificar , comptabilitzar i encaixar els productes rebuts.<\/p>\n<p><span style=\"color: #3366ff;\"><strong>Moltes gr\u00e0cies per la vostra col\u00b7laboraci\u00f3!!!<\/strong><\/span><\/p>\n<p><a href=\"https:\/\/photos.app.goo.gl\/r4ARmLDCtSw9JdCH7\" target=\"_blank\" rel=\"noopener\">Aqu\u00ed podreu veure imatges<\/a><\/p>\n","protected":false},"excerpt":{"rendered":"<p><a href=\"https:\/\/agora.xtec.cat\/ceiplajota\/wp-content\/uploads\/usu1571\/2021\/12\/Captura.png\"><\/a>Aquest curs tamb\u00e9 hem participat en el RECAPTE D&#8217;ALIMENTS PER A BADIA DEL VALL\u00c8S.\u00a0<br \/>\nUn any m\u00e9s hem col\u00b7laborat recolllint aliments i productes b\u00e0sics per a fam\u00edlies de la nostra poblaci\u00f3. La comunitat educativa de l&#8217;Escola La Jota (fam\u00edlies, mestres, personal del centre,&#8230;) s&#8217;ha volcat&hellip;  <a href=\"https:\/\/agora.xtec.cat\/ceiplajota\/general\/recapte-daliments\/\" title=\"Read RECAPTE D&#8217;ALIMENTS\">Llegeix m\u00e9s\u00bb<\/a><\/p>\n","protected":false},"author":1,"featured_media":4268,"comment_status":"open","ping_status":"closed","sticky":false,"template":"","format":"standard","meta":{"_bbp_topic_count":0,"_bbp_reply_count":0,"_bbp_total_topic_count":0,"_bbp_total_reply_count":0,"_bbp_voice_count":0,"_bbp_anonymous_reply_count":0,"_bbp_topic_count_hidden":0,"_bbp_reply_count_hidden":0,"_bbp_forum_subforum_count":0,"footnotes":""},"categories":[1],"tags":[],"class_list":["post-4266","post","type-post","status-publish","format-standard","has-post-thumbnail","hentry","category-general"],"post_mailing_queue_ids":[],"_links":{"self":[{"href":"https:\/\/agora.xtec.cat\/ceiplajota\/wp-json\/wp\/v2\/posts\/4266","targetHints":{"allow":["GET"]}}],"collection":[{"href":"https:\/\/agora.xtec.cat\/ceiplajota\/wp-json\/wp\/v2\/posts"}],"about":[{"href":"https:\/\/agora.xtec.cat\/ceiplajota\/wp-json\/wp\/v2\/types\/post"}],"author":[{"embeddable":true,"href":"https:\/\/agora.xtec.cat\/ceiplajota\/wp-json\/wp\/v2\/users\/1"}],"replies":[{"embeddable":true,"href":"https:\/\/agora.xtec.cat\/ceiplajota\/wp-json\/wp\/v2\/comments?post=4266"}],"version-history":[{"count":2,"href":"https:\/\/agora.xtec.cat\/ceiplajota\/wp-json\/wp\/v2\/posts\/4266\/revisions"}],"predecessor-version":[{"id":4270,"href":"https:\/\/agora.xtec.cat\/ceiplajota\/wp-json\/wp\/v2\/posts\/4266\/revisions\/4270"}],"wp:featuredmedia":[{"embeddable":true,"href":"https:\/\/agora.xtec.cat\/ceiplajota\/wp-json\/wp\/v2\/media\/4268"}],"wp:attachment":[{"href":"https:\/\/agora.xtec.cat\/ceiplajota\/wp-json\/wp\/v2\/media?parent=4266"}],"wp:term":[{"taxonomy":"category","embeddable":true,"href":"https:\/\/agora.xtec.cat\/ceiplajota\/wp-json\/wp\/v2\/categories?post=4266"},{"taxonomy":"post_tag","embeddable":true,"href":"https:\/\/agora.xtec.cat\/ceiplajota\/wp-json\/wp\/v2\/tags?post=4266"}],"curies":[{"name":"wp","href":"https:\/\/api.w.org\/{rel}","templated":true}]}}