{"id":4229,"date":"2021-11-28T07:43:01","date_gmt":"2021-11-28T06:43:01","guid":{"rendered":"https:\/\/agora.xtec.cat\/ceiplajota\/?p=4229"},"modified":"2021-12-19T10:39:44","modified_gmt":"2021-12-19T09:39:44","slug":"festa-de-la-musica","status":"publish","type":"post","link":"https:\/\/agora.xtec.cat\/ceiplajota\/general\/festa-de-la-musica\/","title":{"rendered":"FESTA DE LA M\u00daSICA"},"content":{"rendered":"<p>Dijous dia 25 i divendres dia 26 de novembre hem celebrat a l&#8217;escola la <span style=\"color: #3366ff;\"><strong>Festa de la M\u00fasica.<\/strong><\/span><\/p>\n<p>Aquest curs hem fet un <span style=\"color: #ff0000;\"><strong>TALLER DE BATUCADA<\/strong><\/span>\u00a0per a tots els infants de l&#8217;escola, des de P3 fins a 6\u00e8. Al llarg dels dos dies, tots els grups classe han tingut una sessi\u00f3 pr\u00e0ctica on han treballat diferents conceptes musicals (llarg, curt, fort, fluix &#8230;),\u00a0 ritmes &#8230; i on s&#8217;ho han passat d&#8217;all\u00f2 m\u00e9s b\u00e9.<\/p>\n<p>Malgrat el temps del dijous, vam poder fer els tallers al pavell\u00f3 i divendres , quan el sol ens va acompanyar, el pat\u00ed del davant de l&#8217;escola es va omplir de batucada.<\/p>\n<p><a href=\"https:\/\/agora.xtec.cat\/ceiplajota\/wp-content\/uploads\/usu1571\/2021\/11\/IMG-20211125-WA0001.jpg\"><img loading=\"lazy\" decoding=\"async\" class=\"aligncenter wp-image-4237\" src=\"https:\/\/agora.xtec.cat\/ceiplajota\/wp-content\/uploads\/usu1571\/2021\/11\/IMG-20211125-WA0001.jpg\" alt=\"\" width=\"329\" height=\"454\" srcset=\"https:\/\/agora.xtec.cat\/ceiplajota\/wp-content\/uploads\/usu1571\/2021\/11\/IMG-20211125-WA0001.jpg 1080w, https:\/\/agora.xtec.cat\/ceiplajota\/wp-content\/uploads\/usu1571\/2021\/11\/IMG-20211125-WA0001-217x300.jpg 217w, https:\/\/agora.xtec.cat\/ceiplajota\/wp-content\/uploads\/usu1571\/2021\/11\/IMG-20211125-WA0001-742x1024.jpg 742w, https:\/\/agora.xtec.cat\/ceiplajota\/wp-content\/uploads\/usu1571\/2021\/11\/IMG-20211125-WA0001-768x1060.jpg 768w\" sizes=\"auto, (max-width: 329px) 100vw, 329px\" \/><\/a><\/p>\n<p>Si en vols veure les imatges clica aqu\u00ed:<\/p>\n<p><a href=\"https:\/\/agora.xtec.cat\/ceiplajota\/wp-content\/uploads\/usu1571\/2021\/11\/Dibuix-batucada-1-1.png\"><img loading=\"lazy\" decoding=\"async\" class=\"alignleft wp-image-4235\" src=\"https:\/\/agora.xtec.cat\/ceiplajota\/wp-content\/uploads\/usu1571\/2021\/11\/Dibuix-batucada-1-1.png\" alt=\"\" width=\"135\" height=\"100\" \/><\/a><\/p>\n<p><span style=\"color: #ff9900;\"><strong>\u00a0 \u00a0 \u00a0 \u00a0 \u00a0 \u00a0 \u00a0 \u00a0 \u00a0\u00a0<a href=\"https:\/\/agora.xtec.cat\/ceiplajota\/wp-content\/uploads\/usu1571\/2021\/11\/Dibuix-batucada-1-1.png\"> \u00a0 \u00a0 \u00a0<\/a>\u00a0<\/strong><\/span><\/p>\n<p><span style=\"color: #ff9900;\"><strong><a href=\"https:\/\/photos.app.goo.gl\/PzGzgNAaqRPhurfU6\" target=\"_blank\" rel=\"noopener\">Ed. Infantil (P3, P4 i P5)\u00a0<\/a> \u00a0 \u00a0 \u00a0 \u00a0<a href=\"https:\/\/photos.app.goo.gl\/Lik3Lqt6spK1AuZU9\" target=\"_blank\" rel=\"noopener\"> Cicle Inicial (1r i 2n)\u00a0<\/a> \u00a0 \u00a0 \u00a0 \u00a0<a href=\"https:\/\/photos.app.goo.gl\/sSFpWLAP3KHGT7Te7\" target=\"_blank\" rel=\"noopener\"> Cicle Mitj\u00e0 (3r i 4t)<\/a>\u00a0 \u00a0 \u00a0 \u00a0 \u00a0 <a href=\"https:\/\/photos.app.goo.gl\/UgjBndme9T8CJj776\" target=\"_blank\" rel=\"noopener\">Cicle Superior (5\u00e8 i 6\u00e8)<\/a><\/strong><\/span><\/p>\n<p>&nbsp;<\/p>\n<p>Activitat en conveni amb l&#8217;Ajuntament de Badia del Vall\u00e8s.<\/p>\n","protected":false},"excerpt":{"rendered":"<p>Dijous dia 25 i divendres dia 26 de novembre hem celebrat a l&#8217;escola la Festa de la M\u00fasica.<br \/>\nAquest curs hem fet un TALLER DE BATUCADA\u00a0per a tots els infants de l&#8217;escola, des de P3 fins a 6\u00e8. Al llarg dels dos dies, tots els grups&hellip;  <a href=\"https:\/\/agora.xtec.cat\/ceiplajota\/general\/festa-de-la-musica\/\" title=\"Read FESTA DE LA M\u00daSICA\">Llegeix m\u00e9s\u00bb<\/a><\/p>\n","protected":false},"author":1,"featured_media":4241,"comment_status":"open","ping_status":"closed","sticky":false,"template":"","format":"standard","meta":{"_bbp_topic_count":0,"_bbp_reply_count":0,"_bbp_total_topic_count":0,"_bbp_total_reply_count":0,"_bbp_voice_count":0,"_bbp_anonymous_reply_count":0,"_bbp_topic_count_hidden":0,"_bbp_reply_count_hidden":0,"_bbp_forum_subforum_count":0,"footnotes":""},"categories":[1],"tags":[],"class_list":["post-4229","post","type-post","status-publish","format-standard","has-post-thumbnail","hentry","category-general"],"post_mailing_queue_ids":[],"_links":{"self":[{"href":"https:\/\/agora.xtec.cat\/ceiplajota\/wp-json\/wp\/v2\/posts\/4229","targetHints":{"allow":["GET"]}}],"collection":[{"href":"https:\/\/agora.xtec.cat\/ceiplajota\/wp-json\/wp\/v2\/posts"}],"about":[{"href":"https:\/\/agora.xtec.cat\/ceiplajota\/wp-json\/wp\/v2\/types\/post"}],"author":[{"embeddable":true,"href":"https:\/\/agora.xtec.cat\/ceiplajota\/wp-json\/wp\/v2\/users\/1"}],"replies":[{"embeddable":true,"href":"https:\/\/agora.xtec.cat\/ceiplajota\/wp-json\/wp\/v2\/comments?post=4229"}],"version-history":[{"count":3,"href":"https:\/\/agora.xtec.cat\/ceiplajota\/wp-json\/wp\/v2\/posts\/4229\/revisions"}],"predecessor-version":[{"id":4304,"href":"https:\/\/agora.xtec.cat\/ceiplajota\/wp-json\/wp\/v2\/posts\/4229\/revisions\/4304"}],"wp:featuredmedia":[{"embeddable":true,"href":"https:\/\/agora.xtec.cat\/ceiplajota\/wp-json\/wp\/v2\/media\/4241"}],"wp:attachment":[{"href":"https:\/\/agora.xtec.cat\/ceiplajota\/wp-json\/wp\/v2\/media?parent=4229"}],"wp:term":[{"taxonomy":"category","embeddable":true,"href":"https:\/\/agora.xtec.cat\/ceiplajota\/wp-json\/wp\/v2\/categories?post=4229"},{"taxonomy":"post_tag","embeddable":true,"href":"https:\/\/agora.xtec.cat\/ceiplajota\/wp-json\/wp\/v2\/tags?post=4229"}],"curies":[{"name":"wp","href":"https:\/\/api.w.org\/{rel}","templated":true}]}}