{"id":4223,"date":"2021-11-24T11:33:00","date_gmt":"2021-11-24T10:33:00","guid":{"rendered":"https:\/\/agora.xtec.cat\/ceiplajota\/?p=4223"},"modified":"2021-11-24T11:33:47","modified_gmt":"2021-11-24T10:33:47","slug":"planta-compostatge","status":"publish","type":"post","link":"https:\/\/agora.xtec.cat\/ceiplajota\/general\/planta-compostatge\/","title":{"rendered":"5\u00e8 VISITA LA PLANTA DE COMPOSTATGE"},"content":{"rendered":"<p>El passat 16 de Novembre les alumnes i els alumnes de 5\u00e8 vam visitar la Planta de Compostatge de Sant Cugat del Vall\u00e9s. Tot i que la climatologia no ens va acompanyar all\u00e0 ens van parlar del reciclatge i ens explicaren que es fa amb els residus org\u00e0nics i vegetals que produ\u00efm, aix\u00ed com el proc\u00e9s de com arriben a convertir-se aquests en compost o adob per les plantes i arbres.<\/p>\n<p>Podeu veure les fotos clicant a la imatge.<\/p>\n<p><a href=\"https:\/\/photos.app.goo.gl\/G72xJoyNW5yoauQ27\"><img loading=\"lazy\" decoding=\"async\" class=\"wp-image-4224 aligncenter\" src=\"https:\/\/agora.xtec.cat\/ceiplajota\/wp-content\/uploads\/usu1571\/2021\/11\/8E25A026-E294-4B46-8802-DD1C5C827D2B-1024x768.jpeg\" alt=\"\" width=\"282\" height=\"211\" srcset=\"https:\/\/agora.xtec.cat\/ceiplajota\/wp-content\/uploads\/usu1571\/2021\/11\/8E25A026-E294-4B46-8802-DD1C5C827D2B-1024x768.jpeg 1024w, https:\/\/agora.xtec.cat\/ceiplajota\/wp-content\/uploads\/usu1571\/2021\/11\/8E25A026-E294-4B46-8802-DD1C5C827D2B-300x225.jpeg 300w, https:\/\/agora.xtec.cat\/ceiplajota\/wp-content\/uploads\/usu1571\/2021\/11\/8E25A026-E294-4B46-8802-DD1C5C827D2B-768x576.jpeg 768w, https:\/\/agora.xtec.cat\/ceiplajota\/wp-content\/uploads\/usu1571\/2021\/11\/8E25A026-E294-4B46-8802-DD1C5C827D2B-1536x1152.jpeg 1536w, https:\/\/agora.xtec.cat\/ceiplajota\/wp-content\/uploads\/usu1571\/2021\/11\/8E25A026-E294-4B46-8802-DD1C5C827D2B-2048x1536.jpeg 2048w, https:\/\/agora.xtec.cat\/ceiplajota\/wp-content\/uploads\/usu1571\/2021\/11\/8E25A026-E294-4B46-8802-DD1C5C827D2B-200x150.jpeg 200w\" sizes=\"auto, (max-width: 282px) 100vw, 282px\" \/><\/a><\/p>\n","protected":false},"excerpt":{"rendered":"<p>El passat 16 de Novembre les alumnes i els alumnes de 5\u00e8 vam visitar la Planta de Compostatge de Sant Cugat del Vall\u00e9s. Tot i que la climatologia no ens va acompanyar all\u00e0 ens van parlar del reciclatge i ens explicaren que es fa amb&hellip;  <a href=\"https:\/\/agora.xtec.cat\/ceiplajota\/general\/planta-compostatge\/\" title=\"Read 5\u00e8 VISITA LA PLANTA DE COMPOSTATGE\">Llegeix m\u00e9s\u00bb<\/a><\/p>\n","protected":false},"author":3,"featured_media":4225,"comment_status":"open","ping_status":"closed","sticky":false,"template":"","format":"standard","meta":{"_bbp_topic_count":0,"_bbp_reply_count":0,"_bbp_total_topic_count":0,"_bbp_total_reply_count":0,"_bbp_voice_count":0,"_bbp_anonymous_reply_count":0,"_bbp_topic_count_hidden":0,"_bbp_reply_count_hidden":0,"_bbp_forum_subforum_count":0,"footnotes":""},"categories":[14,1,5],"tags":[],"class_list":["post-4223","post","type-post","status-publish","format-standard","has-post-thumbnail","hentry","category-5e","category-general","category-primaria"],"post_mailing_queue_ids":[],"_links":{"self":[{"href":"https:\/\/agora.xtec.cat\/ceiplajota\/wp-json\/wp\/v2\/posts\/4223","targetHints":{"allow":["GET"]}}],"collection":[{"href":"https:\/\/agora.xtec.cat\/ceiplajota\/wp-json\/wp\/v2\/posts"}],"about":[{"href":"https:\/\/agora.xtec.cat\/ceiplajota\/wp-json\/wp\/v2\/types\/post"}],"author":[{"embeddable":true,"href":"https:\/\/agora.xtec.cat\/ceiplajota\/wp-json\/wp\/v2\/users\/3"}],"replies":[{"embeddable":true,"href":"https:\/\/agora.xtec.cat\/ceiplajota\/wp-json\/wp\/v2\/comments?post=4223"}],"version-history":[{"count":2,"href":"https:\/\/agora.xtec.cat\/ceiplajota\/wp-json\/wp\/v2\/posts\/4223\/revisions"}],"predecessor-version":[{"id":4227,"href":"https:\/\/agora.xtec.cat\/ceiplajota\/wp-json\/wp\/v2\/posts\/4223\/revisions\/4227"}],"wp:featuredmedia":[{"embeddable":true,"href":"https:\/\/agora.xtec.cat\/ceiplajota\/wp-json\/wp\/v2\/media\/4225"}],"wp:attachment":[{"href":"https:\/\/agora.xtec.cat\/ceiplajota\/wp-json\/wp\/v2\/media?parent=4223"}],"wp:term":[{"taxonomy":"category","embeddable":true,"href":"https:\/\/agora.xtec.cat\/ceiplajota\/wp-json\/wp\/v2\/categories?post=4223"},{"taxonomy":"post_tag","embeddable":true,"href":"https:\/\/agora.xtec.cat\/ceiplajota\/wp-json\/wp\/v2\/tags?post=4223"}],"curies":[{"name":"wp","href":"https:\/\/api.w.org\/{rel}","templated":true}]}}