{"id":4212,"date":"2021-11-22T05:30:02","date_gmt":"2021-11-22T04:30:02","guid":{"rendered":"https:\/\/agora.xtec.cat\/ceiplajota\/?p=4212"},"modified":"2021-11-22T06:40:08","modified_gmt":"2021-11-22T05:40:08","slug":"la-geganta-helena","status":"publish","type":"post","link":"https:\/\/agora.xtec.cat\/ceiplajota\/general\/la-geganta-helena\/","title":{"rendered":"La geganta Helena."},"content":{"rendered":"<p>Aquest diumenge dia 21 de novembre, al Teatre Municipal Cooperativa de Barber\u00e0 del Vall\u00e8s, <strong>la nostra geganta Helena<\/strong> ha sortit a ballar per primer cop aquest curs. El motiu del ball ha estat l&#8217;homenatge que s&#8217;ha fet a en <strong>Josep Torrella i Oliv\u00e9\u00a0<\/strong>que malauradament ens va deixar l&#8217;abril del 2020 a causa de la Covid-19.<\/p>\n<p>La Colla de Geganters i Grallers de Barber\u00e0 del Vall\u00e8s, organitzant aquest acte, ha volgut recon\u00e8ixer la tasca del Josep amb 30 anys com a Cap de Colla i President de l&#8217;entitat. En el teatre ens hem trobat amics i amigues del Josep i dels gegants i una gran representaci\u00f3 de colles.<\/p>\n<p>La geganta Helena, junt a altres gegants d&#8217;escoles de Badia del Vall\u00e8s i de Barber\u00e0 del Vall\u00e8s, ha apadrinat un gegant\u00f3 amb la imatge d&#8217;en Josep, nova pe\u00e7a per a la imatgeria de la entittat gegantera.<\/p>\n<p>En Josep va ser conserge de l&#8217;Escola La Jota\u00a0 fins que es va jubilar. A l&#8217;escola\u00a0 hi t\u00e9 molts amics i amigues, adults i infants. Amb ell, mestres i mares\/pares d&#8217;alumnes de\u00a0 l&#8217;escola\u00a0 van comen\u00e7ar a tocar la gralla, a participar en les trobades de gegants i a fer ballar a la geganta Helena. Amb el Josep tamb\u00e9 hem celebrat moltes festes escolars amb gegants i\/o cavallets. La seva implicaci\u00f3 en el m\u00f3n de l&#8217;escola i la seva passi\u00f3 enveres el gegants, el van portar a fer el projecte &#8220;Els gegants a l&#8217;Escola&#8221;.<\/p>\n<p>Si voleu veure imatges de l&#8217;acte d&#8217;homenatge: <a href=\"https:\/\/photos.app.goo.gl\/B1fBnyyNQSkgyg8d8\"><img loading=\"lazy\" decoding=\"async\" class=\"alignnone wp-image-4214\" src=\"https:\/\/agora.xtec.cat\/ceiplajota\/wp-content\/uploads\/usu1571\/2021\/11\/Captura.png\" alt=\"\" width=\"253\" height=\"130\" srcset=\"https:\/\/agora.xtec.cat\/ceiplajota\/wp-content\/uploads\/usu1571\/2021\/11\/Captura.png 636w, https:\/\/agora.xtec.cat\/ceiplajota\/wp-content\/uploads\/usu1571\/2021\/11\/Captura-300x154.png 300w\" sizes=\"auto, (max-width: 253px) 100vw, 253px\" \/><\/a><\/p>\n<p><strong>LA FESTA DE LA M\u00daSICA I L&#8217;ANIVERSARI DE LA GEGANTA HELENA<\/strong><\/p>\n<p>Aquest proper <strong>dijous dia 25 i divendres dia 26<\/strong> de novembre, celebrem La Festa de la M\u00fasica a l&#8217;escola. L&#8217;aniversari de la geganta Helena sempre coincideix amb aquestes dates. Aquest\u00a0 curs fa 12anys!!!<\/p>\n<p>Dijous i divendres farem tallers de batucada amb els infants de l&#8217;escola, des de P3 fins a 6\u00e8 i divendres a la tarda,\u00a0 rebrem al gegant\u00f3 del Josep que la Colla de Geganters i Grallers de Barber\u00e0 del Vall\u00e8s ens porta per fer un ball.<\/p>\n<p>&nbsp;<\/p>\n","protected":false},"excerpt":{"rendered":"<p>Aquest diumenge dia 21 de novembre, al Teatre Municipal Cooperativa de Barber\u00e0 del Vall\u00e8s, la nostra geganta Helena ha sortit a ballar per primer cop aquest curs. El motiu del ball ha estat l&#8217;homenatge que s&#8217;ha fet a en Josep Torrella i Oliv\u00e9\u00a0que malauradament ens&hellip;  <a href=\"https:\/\/agora.xtec.cat\/ceiplajota\/general\/la-geganta-helena\/\" title=\"Read La geganta Helena.\">Llegeix m\u00e9s\u00bb<\/a><\/p>\n","protected":false},"author":1,"featured_media":4217,"comment_status":"open","ping_status":"closed","sticky":false,"template":"","format":"standard","meta":{"_bbp_topic_count":0,"_bbp_reply_count":0,"_bbp_total_topic_count":0,"_bbp_total_reply_count":0,"_bbp_voice_count":0,"_bbp_anonymous_reply_count":0,"_bbp_topic_count_hidden":0,"_bbp_reply_count_hidden":0,"_bbp_forum_subforum_count":0,"footnotes":""},"categories":[1],"tags":[],"class_list":["post-4212","post","type-post","status-publish","format-standard","has-post-thumbnail","hentry","category-general"],"post_mailing_queue_ids":[],"_links":{"self":[{"href":"https:\/\/agora.xtec.cat\/ceiplajota\/wp-json\/wp\/v2\/posts\/4212","targetHints":{"allow":["GET"]}}],"collection":[{"href":"https:\/\/agora.xtec.cat\/ceiplajota\/wp-json\/wp\/v2\/posts"}],"about":[{"href":"https:\/\/agora.xtec.cat\/ceiplajota\/wp-json\/wp\/v2\/types\/post"}],"author":[{"embeddable":true,"href":"https:\/\/agora.xtec.cat\/ceiplajota\/wp-json\/wp\/v2\/users\/1"}],"replies":[{"embeddable":true,"href":"https:\/\/agora.xtec.cat\/ceiplajota\/wp-json\/wp\/v2\/comments?post=4212"}],"version-history":[{"count":3,"href":"https:\/\/agora.xtec.cat\/ceiplajota\/wp-json\/wp\/v2\/posts\/4212\/revisions"}],"predecessor-version":[{"id":4216,"href":"https:\/\/agora.xtec.cat\/ceiplajota\/wp-json\/wp\/v2\/posts\/4212\/revisions\/4216"}],"wp:featuredmedia":[{"embeddable":true,"href":"https:\/\/agora.xtec.cat\/ceiplajota\/wp-json\/wp\/v2\/media\/4217"}],"wp:attachment":[{"href":"https:\/\/agora.xtec.cat\/ceiplajota\/wp-json\/wp\/v2\/media?parent=4212"}],"wp:term":[{"taxonomy":"category","embeddable":true,"href":"https:\/\/agora.xtec.cat\/ceiplajota\/wp-json\/wp\/v2\/categories?post=4212"},{"taxonomy":"post_tag","embeddable":true,"href":"https:\/\/agora.xtec.cat\/ceiplajota\/wp-json\/wp\/v2\/tags?post=4212"}],"curies":[{"name":"wp","href":"https:\/\/api.w.org\/{rel}","templated":true}]}}