{"id":4194,"date":"2021-11-17T12:05:16","date_gmt":"2021-11-17T11:05:16","guid":{"rendered":"https:\/\/agora.xtec.cat\/ceiplajota\/?p=4194"},"modified":"2021-11-17T12:09:51","modified_gmt":"2021-11-17T11:09:51","slug":"matematiques-amb-pro-bots","status":"publish","type":"post","link":"https:\/\/agora.xtec.cat\/ceiplajota\/general\/matematiques-amb-pro-bots\/","title":{"rendered":"MATEM\u00c0TIQUES AMB PRO-BOTS"},"content":{"rendered":"<p>Aquests \u00faltims dies a 5\u00e8 a l`\u00e0rea de Matem\u00e0tiques hem comen\u00e7at a treballar la Geometria a trav\u00e9s dels Pro-Bots, aquests robots a partir de la seva programaci\u00f3 ens permeten introduir-nos al mon matem\u00e0tic treballant conceptes de mesura, angles, per\u00edmetres, \u00e0rees, etc.<\/p>\n<p>Podeu veure algunes imatges clicant a la foto.<\/p>\n<p><a href=\"https:\/\/photos.app.goo.gl\/gcRFkHDYB6kSL6d58\"><img loading=\"lazy\" decoding=\"async\" class=\"wp-image-4195 aligncenter\" src=\"https:\/\/agora.xtec.cat\/ceiplajota\/wp-content\/uploads\/usu1571\/2021\/11\/unnamed-1024x768.jpg\" alt=\"\" width=\"346\" height=\"259\" srcset=\"https:\/\/agora.xtec.cat\/ceiplajota\/wp-content\/uploads\/usu1571\/2021\/11\/unnamed-1024x768.jpg 1024w, https:\/\/agora.xtec.cat\/ceiplajota\/wp-content\/uploads\/usu1571\/2021\/11\/unnamed-300x225.jpg 300w, https:\/\/agora.xtec.cat\/ceiplajota\/wp-content\/uploads\/usu1571\/2021\/11\/unnamed-768x576.jpg 768w, https:\/\/agora.xtec.cat\/ceiplajota\/wp-content\/uploads\/usu1571\/2021\/11\/unnamed-1536x1152.jpg 1536w, https:\/\/agora.xtec.cat\/ceiplajota\/wp-content\/uploads\/usu1571\/2021\/11\/unnamed-2048x1536.jpg 2048w, https:\/\/agora.xtec.cat\/ceiplajota\/wp-content\/uploads\/usu1571\/2021\/11\/unnamed-200x150.jpg 200w\" sizes=\"auto, (max-width: 346px) 100vw, 346px\" \/><\/a><\/p>\n","protected":false},"excerpt":{"rendered":"<p>Aquests \u00faltims dies a 5\u00e8 a l`\u00e0rea de Matem\u00e0tiques hem comen\u00e7at a treballar la Geometria a trav\u00e9s dels Pro-Bots, aquests robots a partir de la seva programaci\u00f3 ens permeten introduir-nos al mon matem\u00e0tic treballant conceptes de mesura, angles, per\u00edmetres, \u00e0rees, etc.<br \/>\nPodeu veure algunes imatges clicant&hellip;  <a href=\"https:\/\/agora.xtec.cat\/ceiplajota\/general\/matematiques-amb-pro-bots\/\" title=\"Read MATEM\u00c0TIQUES AMB PRO-BOTS\">Llegeix m\u00e9s\u00bb<\/a><\/p>\n","protected":false},"author":3,"featured_media":4195,"comment_status":"open","ping_status":"closed","sticky":false,"template":"","format":"standard","meta":{"_bbp_topic_count":0,"_bbp_reply_count":0,"_bbp_total_topic_count":0,"_bbp_total_reply_count":0,"_bbp_voice_count":0,"_bbp_anonymous_reply_count":0,"_bbp_topic_count_hidden":0,"_bbp_reply_count_hidden":0,"_bbp_forum_subforum_count":0,"footnotes":""},"categories":[14,1,5],"tags":[],"class_list":["post-4194","post","type-post","status-publish","format-standard","has-post-thumbnail","hentry","category-5e","category-general","category-primaria"],"post_mailing_queue_ids":[],"_links":{"self":[{"href":"https:\/\/agora.xtec.cat\/ceiplajota\/wp-json\/wp\/v2\/posts\/4194","targetHints":{"allow":["GET"]}}],"collection":[{"href":"https:\/\/agora.xtec.cat\/ceiplajota\/wp-json\/wp\/v2\/posts"}],"about":[{"href":"https:\/\/agora.xtec.cat\/ceiplajota\/wp-json\/wp\/v2\/types\/post"}],"author":[{"embeddable":true,"href":"https:\/\/agora.xtec.cat\/ceiplajota\/wp-json\/wp\/v2\/users\/3"}],"replies":[{"embeddable":true,"href":"https:\/\/agora.xtec.cat\/ceiplajota\/wp-json\/wp\/v2\/comments?post=4194"}],"version-history":[{"count":3,"href":"https:\/\/agora.xtec.cat\/ceiplajota\/wp-json\/wp\/v2\/posts\/4194\/revisions"}],"predecessor-version":[{"id":4199,"href":"https:\/\/agora.xtec.cat\/ceiplajota\/wp-json\/wp\/v2\/posts\/4194\/revisions\/4199"}],"wp:featuredmedia":[{"embeddable":true,"href":"https:\/\/agora.xtec.cat\/ceiplajota\/wp-json\/wp\/v2\/media\/4195"}],"wp:attachment":[{"href":"https:\/\/agora.xtec.cat\/ceiplajota\/wp-json\/wp\/v2\/media?parent=4194"}],"wp:term":[{"taxonomy":"category","embeddable":true,"href":"https:\/\/agora.xtec.cat\/ceiplajota\/wp-json\/wp\/v2\/categories?post=4194"},{"taxonomy":"post_tag","embeddable":true,"href":"https:\/\/agora.xtec.cat\/ceiplajota\/wp-json\/wp\/v2\/tags?post=4194"}],"curies":[{"name":"wp","href":"https:\/\/api.w.org\/{rel}","templated":true}]}}