{"id":4183,"date":"2021-11-11T07:41:18","date_gmt":"2021-11-11T06:41:18","guid":{"rendered":"https:\/\/agora.xtec.cat\/ceiplajota\/?p=4183"},"modified":"2021-11-11T07:44:24","modified_gmt":"2021-11-11T06:44:24","slug":"p4-itinerari-de-la-tardor","status":"publish","type":"post","link":"https:\/\/agora.xtec.cat\/ceiplajota\/general\/p4-itinerari-de-la-tardor\/","title":{"rendered":"P4 Itinerari de la tardor."},"content":{"rendered":"<p>El dilluns 8 de novembre els nens i les nenes de P4 vam anar d&#8217;excursi\u00f3 a Vall d&#8217;Horta. Est\u00e0vem molt il\u00b7lusionats i il\u00b7lusionades!<\/p>\n<p>Vam gaudir molt\u00edssim, <img loading=\"lazy\" decoding=\"async\" class=\"wp-image-4185 alignright\" src=\"https:\/\/agora.xtec.cat\/ceiplajota\/wp-content\/uploads\/usu1571\/2021\/11\/IMG-20211110-WA0048-768x1024.jpg\" alt=\"\" width=\"212\" height=\"283\" srcset=\"https:\/\/agora.xtec.cat\/ceiplajota\/wp-content\/uploads\/usu1571\/2021\/11\/IMG-20211110-WA0048-768x1024.jpg 768w, https:\/\/agora.xtec.cat\/ceiplajota\/wp-content\/uploads\/usu1571\/2021\/11\/IMG-20211110-WA0048-225x300.jpg 225w, https:\/\/agora.xtec.cat\/ceiplajota\/wp-content\/uploads\/usu1571\/2021\/11\/IMG-20211110-WA0048-1152x1536.jpg 1152w, https:\/\/agora.xtec.cat\/ceiplajota\/wp-content\/uploads\/usu1571\/2021\/11\/IMG-20211110-WA0048.jpg 1536w\" sizes=\"auto, (max-width: 212px) 100vw, 212px\" \/><span style=\"font-family: inherit;font-size: 1em\">a m\u00e9s a m\u00e9s ens van explicar moltes coses referents als animals del bosc, als bolets. <\/span><\/p>\n<p><span style=\"font-family: inherit;font-size: 1em\">Tamb\u00e9 vam fer un joc de pistes divertid\u00edssim!<br \/>\n<\/span><\/p>\n<p>Si voleu veure un recull d&#8217;alguns moments de l&#8217;excursi\u00f3\u00a0 a continuaci\u00f3 trobareu el grup, podeu clicar al seg\u00fcent l&#8217;enlla\u00e7:<\/p>\n<p><a href=\"https:\/\/photos.app.goo.gl\/JKZhSy4iHw7G3vkx8\">P4 A<\/a><\/p>\n<p><a href=\"https:\/\/photos.app.goo.gl\/mhXua6HHbRsP3DCz9\">P4 B<\/a><\/p>\n<p>&nbsp;<\/p>\n","protected":false},"excerpt":{"rendered":"<p>El dilluns 8 de novembre els nens i les nenes de P4 vam anar d&#8217;excursi\u00f3 a Vall d&#8217;Horta. Est\u00e0vem molt il\u00b7lusionats i il\u00b7lusionades!<br \/>\nVam gaudir molt\u00edssim, a m\u00e9s a m\u00e9s ens van explicar moltes coses referents als animals del bosc, als bolets.<br \/>\nTamb\u00e9 vam fer un&hellip;  <a href=\"https:\/\/agora.xtec.cat\/ceiplajota\/general\/p4-itinerari-de-la-tardor\/\" title=\"Read P4 Itinerari de la tardor.\">Llegeix m\u00e9s\u00bb<\/a><\/p>\n","protected":false},"author":34,"featured_media":0,"comment_status":"open","ping_status":"closed","sticky":false,"template":"","format":"standard","meta":{"_bbp_topic_count":0,"_bbp_reply_count":0,"_bbp_total_topic_count":0,"_bbp_total_reply_count":0,"_bbp_voice_count":0,"_bbp_anonymous_reply_count":0,"_bbp_topic_count_hidden":0,"_bbp_reply_count_hidden":0,"_bbp_forum_subforum_count":0,"footnotes":""},"categories":[1,2,8],"tags":[],"class_list":["post-4183","post","type-post","status-publish","format-standard","hentry","category-general","category-infantil","category-p4"],"post_mailing_queue_ids":[],"_links":{"self":[{"href":"https:\/\/agora.xtec.cat\/ceiplajota\/wp-json\/wp\/v2\/posts\/4183","targetHints":{"allow":["GET"]}}],"collection":[{"href":"https:\/\/agora.xtec.cat\/ceiplajota\/wp-json\/wp\/v2\/posts"}],"about":[{"href":"https:\/\/agora.xtec.cat\/ceiplajota\/wp-json\/wp\/v2\/types\/post"}],"author":[{"embeddable":true,"href":"https:\/\/agora.xtec.cat\/ceiplajota\/wp-json\/wp\/v2\/users\/34"}],"replies":[{"embeddable":true,"href":"https:\/\/agora.xtec.cat\/ceiplajota\/wp-json\/wp\/v2\/comments?post=4183"}],"version-history":[{"count":3,"href":"https:\/\/agora.xtec.cat\/ceiplajota\/wp-json\/wp\/v2\/posts\/4183\/revisions"}],"predecessor-version":[{"id":4192,"href":"https:\/\/agora.xtec.cat\/ceiplajota\/wp-json\/wp\/v2\/posts\/4183\/revisions\/4192"}],"wp:attachment":[{"href":"https:\/\/agora.xtec.cat\/ceiplajota\/wp-json\/wp\/v2\/media?parent=4183"}],"wp:term":[{"taxonomy":"category","embeddable":true,"href":"https:\/\/agora.xtec.cat\/ceiplajota\/wp-json\/wp\/v2\/categories?post=4183"},{"taxonomy":"post_tag","embeddable":true,"href":"https:\/\/agora.xtec.cat\/ceiplajota\/wp-json\/wp\/v2\/tags?post=4183"}],"curies":[{"name":"wp","href":"https:\/\/api.w.org\/{rel}","templated":true}]}}