{"id":4168,"date":"2021-11-09T19:45:34","date_gmt":"2021-11-09T18:45:34","guid":{"rendered":"https:\/\/agora.xtec.cat\/ceiplajota\/?p=4168"},"modified":"2021-11-10T11:49:45","modified_gmt":"2021-11-10T10:49:45","slug":"les-classes-de-6e-visiten-el-cosmocaixa","status":"publish","type":"post","link":"https:\/\/agora.xtec.cat\/ceiplajota\/general\/les-classes-de-6e-visiten-el-cosmocaixa\/","title":{"rendered":"Les classes de 6\u00e8 visiten el Cosmocaixa"},"content":{"rendered":"<p>El passat 19 d&#8217;octubre els i les alumnes de 6\u00e8 de Prim\u00e0ria van realitzar una sortida al Cosmocaixa de Barcelona. En relaci\u00f3 al monogr\u00e0fic d&#8217;aquest any, l&#8217;univers, els nens i nenes van assistir a una projecci\u00f3 al planetari, una de les instal\u00b7lacions m\u00e9s avan\u00e7ades del seu g\u00e8nere a escala internacional, on van poder gaudir de l&#8217;observaci\u00f3 del cel estrellat, descobrint l&#8217;origen de les constel\u00b7lacions i els eclipsis. Posteriorment van visitar la Sala Univers, on van poder fer un recorregut interactiu que es remunta a la creaci\u00f3 del cosmos, recorre l\u2019evoluci\u00f3 de les esp\u00e8cies i penetra en les profunditats del cervell hum\u00e0.<\/p>\n<p>Podeu veure les fotografies de la sortida fent clic a la imatge.<\/p>\n<p><a href=\"https:\/\/photos.app.goo.gl\/vjdJjmuAgpsxr6LNA\"><img loading=\"lazy\" decoding=\"async\" class=\"alignnone wp-image-4169\" src=\"https:\/\/agora.xtec.cat\/ceiplajota\/wp-content\/uploads\/usu1571\/2021\/11\/univers-1024x405.jpg\" alt=\"\" width=\"420\" height=\"166\" srcset=\"https:\/\/agora.xtec.cat\/ceiplajota\/wp-content\/uploads\/usu1571\/2021\/11\/univers-1024x405.jpg 1024w, https:\/\/agora.xtec.cat\/ceiplajota\/wp-content\/uploads\/usu1571\/2021\/11\/univers-300x119.jpg 300w, https:\/\/agora.xtec.cat\/ceiplajota\/wp-content\/uploads\/usu1571\/2021\/11\/univers-768x304.jpg 768w, https:\/\/agora.xtec.cat\/ceiplajota\/wp-content\/uploads\/usu1571\/2021\/11\/univers.jpg 1231w\" sizes=\"auto, (max-width: 420px) 100vw, 420px\" \/><\/a><\/p>\n","protected":false},"excerpt":{"rendered":"<p>El passat 19 d&#8217;octubre els i les alumnes de 6\u00e8 de Prim\u00e0ria van realitzar una sortida al Cosmocaixa de Barcelona. En relaci\u00f3 al monogr\u00e0fic d&#8217;aquest any, l&#8217;univers, els nens i nenes van assistir a una projecci\u00f3 al planetari, una de les instal\u00b7lacions m\u00e9s avan\u00e7ades del&hellip;  <a href=\"https:\/\/agora.xtec.cat\/ceiplajota\/general\/les-classes-de-6e-visiten-el-cosmocaixa\/\" title=\"Read Les classes de 6\u00e8 visiten el Cosmocaixa\">Llegeix m\u00e9s\u00bb<\/a><\/p>\n","protected":false},"author":3,"featured_media":4169,"comment_status":"open","ping_status":"closed","sticky":false,"template":"","format":"standard","meta":{"_bbp_topic_count":0,"_bbp_reply_count":0,"_bbp_total_topic_count":0,"_bbp_total_reply_count":0,"_bbp_voice_count":0,"_bbp_anonymous_reply_count":0,"_bbp_topic_count_hidden":0,"_bbp_reply_count_hidden":0,"_bbp_forum_subforum_count":0,"footnotes":""},"categories":[15,1],"tags":[],"class_list":["post-4168","post","type-post","status-publish","format-standard","has-post-thumbnail","hentry","category-6e","category-general"],"post_mailing_queue_ids":[],"_links":{"self":[{"href":"https:\/\/agora.xtec.cat\/ceiplajota\/wp-json\/wp\/v2\/posts\/4168","targetHints":{"allow":["GET"]}}],"collection":[{"href":"https:\/\/agora.xtec.cat\/ceiplajota\/wp-json\/wp\/v2\/posts"}],"about":[{"href":"https:\/\/agora.xtec.cat\/ceiplajota\/wp-json\/wp\/v2\/types\/post"}],"author":[{"embeddable":true,"href":"https:\/\/agora.xtec.cat\/ceiplajota\/wp-json\/wp\/v2\/users\/3"}],"replies":[{"embeddable":true,"href":"https:\/\/agora.xtec.cat\/ceiplajota\/wp-json\/wp\/v2\/comments?post=4168"}],"version-history":[{"count":2,"href":"https:\/\/agora.xtec.cat\/ceiplajota\/wp-json\/wp\/v2\/posts\/4168\/revisions"}],"predecessor-version":[{"id":4172,"href":"https:\/\/agora.xtec.cat\/ceiplajota\/wp-json\/wp\/v2\/posts\/4168\/revisions\/4172"}],"wp:featuredmedia":[{"embeddable":true,"href":"https:\/\/agora.xtec.cat\/ceiplajota\/wp-json\/wp\/v2\/media\/4169"}],"wp:attachment":[{"href":"https:\/\/agora.xtec.cat\/ceiplajota\/wp-json\/wp\/v2\/media?parent=4168"}],"wp:term":[{"taxonomy":"category","embeddable":true,"href":"https:\/\/agora.xtec.cat\/ceiplajota\/wp-json\/wp\/v2\/categories?post=4168"},{"taxonomy":"post_tag","embeddable":true,"href":"https:\/\/agora.xtec.cat\/ceiplajota\/wp-json\/wp\/v2\/tags?post=4168"}],"curies":[{"name":"wp","href":"https:\/\/api.w.org\/{rel}","templated":true}]}}