{"id":4118,"date":"2021-10-30T09:00:56","date_gmt":"2021-10-30T07:00:56","guid":{"rendered":"https:\/\/agora.xtec.cat\/ceiplajota\/?p=4118"},"modified":"2021-11-01T20:30:22","modified_gmt":"2021-11-01T19:30:22","slug":"celebrem-lacastanyada-i-halloween","status":"publish","type":"post","link":"https:\/\/agora.xtec.cat\/ceiplajota\/general\/celebrem-lacastanyada-i-halloween\/","title":{"rendered":"CELEBREM LACASTANYADA I HALLOWEEN"},"content":{"rendered":"<p style=\"text-align: left;\"><a href=\"https:\/\/agora.xtec.cat\/ceiplajota\/wp-content\/uploads\/usu1571\/2021\/11\/La-castanyada-imatge-1.png\"><img loading=\"lazy\" decoding=\"async\" class=\"size-full wp-image-4119 alignleft\" src=\"https:\/\/agora.xtec.cat\/ceiplajota\/wp-content\/uploads\/usu1571\/2021\/11\/La-castanyada-imatge-1.png\" alt=\"\" width=\"502\" height=\"89\" srcset=\"https:\/\/agora.xtec.cat\/ceiplajota\/wp-content\/uploads\/usu1571\/2021\/11\/La-castanyada-imatge-1.png 502w, https:\/\/agora.xtec.cat\/ceiplajota\/wp-content\/uploads\/usu1571\/2021\/11\/La-castanyada-imatge-1-300x53.png 300w\" sizes=\"auto, (max-width: 502px) 100vw, 502px\" \/><\/a><\/p>\n<p>&nbsp;<\/p>\n<p>&nbsp;<\/p>\n<p>Aquest dijous 28 i divendres 29 d&#8217;octubre hem celebrat la Castanyada i el Halloween amb els alumnes.<\/p>\n<p>Els infants d&#8217;educaci\u00f3 infantil (P3, P4 i P5) han fet castanyes, bolets, mussols i imants que han portat cap a casa. Divendres per la tarda han vingut disfressats de castanyera o de castanyer. Quina colla! El mateix divendres, han anat a veure com es torraven les castanyes al pati de cicle inicial i mitj\u00e0 i all\u00e0 s&#8217;han trobat a la Castanyera. Amb ella han cantat, ballat i s&#8217;hi han fet fotografies.<\/p>\n<p>A cicle inicial han fet manualitats. Han pintat amb colors, retoladors, plastilina &#8230; han punxat amb punxons, retallat, enganxat papers de diferents colors i textures &#8230; Han anat al pati a veure a la Castanyera i als seus ajudants i entre castanya i castanya &#8230; han cantat alguna can\u00e7\u00f3. Ens han vingut moltes nenes i nens disfressats. Feien for\u00e7a por!<\/p>\n<p>Els nens i les nenes de cicle mitj\u00e0 han anat a menjar castanyes ben torradetes al pat\u00ed i han mirat pel\u00b7l\u00edcules de por. Han vingut ben disfressats. Quin Halloween!!!<\/p>\n<p>Cicle superior ha entrat al T\u00fanel del Terror que l&#8217;AMPA ha organitzat. Ells i elles tamb\u00e9 han anat a veure com es torraven les castanyes i amb la Castanyera s&#8217;ha fotografiat.<\/p>\n<p>Quines castanyes m\u00e9s bones!!! Gr\u00e0cies AMPA.<\/p>\n<p>Quina por el T\u00fanel del Terror!!! Quins crits!!! Gr\u00e0cies tamb\u00e9 AMPA.<\/p>\n<p><a href=\"https:\/\/photos.app.goo.gl\/9T1N3kiGSLVJ2cP57\" target=\"_blank\" rel=\"noopener\">Clica aqu\u00ed per mirar les fotografies.<\/a><\/p>\n<p>I ara, a pensar en la propera.<\/p>\n<p><a href=\"https:\/\/agora.xtec.cat\/ceiplajota\/wp-content\/uploads\/usu1571\/2021\/11\/La-castanyada-imatge-2.png\"><img loading=\"lazy\" decoding=\"async\" class=\"aligncenter wp-image-4120\" src=\"https:\/\/agora.xtec.cat\/ceiplajota\/wp-content\/uploads\/usu1571\/2021\/11\/La-castanyada-imatge-2.png\" alt=\"\" width=\"284\" height=\"113\" srcset=\"https:\/\/agora.xtec.cat\/ceiplajota\/wp-content\/uploads\/usu1571\/2021\/11\/La-castanyada-imatge-2.png 541w, https:\/\/agora.xtec.cat\/ceiplajota\/wp-content\/uploads\/usu1571\/2021\/11\/La-castanyada-imatge-2-300x120.png 300w\" sizes=\"auto, (max-width: 284px) 100vw, 284px\" \/><\/a><\/p>\n","protected":false},"excerpt":{"rendered":"<p><a href=\"https:\/\/agora.xtec.cat\/ceiplajota\/wp-content\/uploads\/usu1571\/2021\/11\/La-castanyada-imatge-1.png\"><\/a><br \/>\n&nbsp;<br \/>\n&nbsp;<br \/>\nAquest dijous 28 i divendres 29 d&#8217;octubre hem celebrat la Castanyada i el Halloween amb els alumnes.<br \/>\nEls infants d&#8217;educaci\u00f3 infantil (P3, P4 i P5) han fet castanyes, bolets, mussols i imants que han portat cap a casa. Divendres per la tarda han vingut disfressats&hellip;  <a href=\"https:\/\/agora.xtec.cat\/ceiplajota\/general\/celebrem-lacastanyada-i-halloween\/\" title=\"Read CELEBREM LACASTANYADA I HALLOWEEN\">Llegeix m\u00e9s\u00bb<\/a><\/p>\n","protected":false},"author":1,"featured_media":4122,"comment_status":"open","ping_status":"closed","sticky":false,"template":"","format":"standard","meta":{"_bbp_topic_count":0,"_bbp_reply_count":0,"_bbp_total_topic_count":0,"_bbp_total_reply_count":0,"_bbp_voice_count":0,"_bbp_anonymous_reply_count":0,"_bbp_topic_count_hidden":0,"_bbp_reply_count_hidden":0,"_bbp_forum_subforum_count":0,"footnotes":""},"categories":[1],"tags":[],"class_list":["post-4118","post","type-post","status-publish","format-standard","has-post-thumbnail","hentry","category-general"],"post_mailing_queue_ids":[],"_links":{"self":[{"href":"https:\/\/agora.xtec.cat\/ceiplajota\/wp-json\/wp\/v2\/posts\/4118","targetHints":{"allow":["GET"]}}],"collection":[{"href":"https:\/\/agora.xtec.cat\/ceiplajota\/wp-json\/wp\/v2\/posts"}],"about":[{"href":"https:\/\/agora.xtec.cat\/ceiplajota\/wp-json\/wp\/v2\/types\/post"}],"author":[{"embeddable":true,"href":"https:\/\/agora.xtec.cat\/ceiplajota\/wp-json\/wp\/v2\/users\/1"}],"replies":[{"embeddable":true,"href":"https:\/\/agora.xtec.cat\/ceiplajota\/wp-json\/wp\/v2\/comments?post=4118"}],"version-history":[{"count":3,"href":"https:\/\/agora.xtec.cat\/ceiplajota\/wp-json\/wp\/v2\/posts\/4118\/revisions"}],"predecessor-version":[{"id":4128,"href":"https:\/\/agora.xtec.cat\/ceiplajota\/wp-json\/wp\/v2\/posts\/4118\/revisions\/4128"}],"wp:featuredmedia":[{"embeddable":true,"href":"https:\/\/agora.xtec.cat\/ceiplajota\/wp-json\/wp\/v2\/media\/4122"}],"wp:attachment":[{"href":"https:\/\/agora.xtec.cat\/ceiplajota\/wp-json\/wp\/v2\/media?parent=4118"}],"wp:term":[{"taxonomy":"category","embeddable":true,"href":"https:\/\/agora.xtec.cat\/ceiplajota\/wp-json\/wp\/v2\/categories?post=4118"},{"taxonomy":"post_tag","embeddable":true,"href":"https:\/\/agora.xtec.cat\/ceiplajota\/wp-json\/wp\/v2\/tags?post=4118"}],"curies":[{"name":"wp","href":"https:\/\/api.w.org\/{rel}","templated":true}]}}