{"id":4010,"date":"2021-07-05T23:08:26","date_gmt":"2021-07-05T21:08:26","guid":{"rendered":"https:\/\/agora.xtec.cat\/ceiplajota\/?p=4010"},"modified":"2021-07-21T09:45:50","modified_gmt":"2021-07-21T07:45:50","slug":"festa-de-laigua-infantil","status":"publish","type":"post","link":"https:\/\/agora.xtec.cat\/ceiplajota\/infantil\/festa-de-laigua-infantil\/","title":{"rendered":"Festa de l&#8217;aigua Infantil"},"content":{"rendered":"<p style=\"text-align: left\">Els \u00faltims dies de curs a l&#8217;escola la Jota \u00e9s va organitzar una s\u00faper festa de l&#8217;aigua.<\/p>\n<p style=\"text-align: left\">Tant els nens i les nenes d&#8217;infantil com les mestres ens ho vam passar genial.<\/p>\n<p style=\"text-align: left\">Sabem que us hauria agradat participar i volem que vosaltres tamb\u00e9 pugueu gaudir d&#8217;alguna manera aquells moments. \u00c9s per aix\u00f2 que us deixem un petit recull d&#8217;imatges d&#8217;alguns d&#8217;aquest moments tan divertits.<\/p>\n<p style=\"text-align: left\">\u00a0Cliqueu a <a href=\"https:\/\/photos.app.goo.gl\/z6edzL3ybTvgznDM8\">FOTOS FESTA INFANTIL<\/a> si voleu veure-les.<a style=\"color: #2795b6\" href=\"https:\/\/photos.google.com\/u\/1\/album\/AF1QipNDpKhVHaAKfSBq4sBvJLomFCSmpgDTDA64YkXk\"><img loading=\"lazy\" decoding=\"async\" class=\"rg_i Q4LuWd alignright\" src=\"https:\/\/encrypted-tbn0.gstatic.com\/images?q=tbn:ANd9GcRdPvrisGSB9Untug7S9cgXdAj3cvQD0X2U4Q&amp;usqp=CAU\" alt=\"Festa de l'Aigua a Sant Lloren\u00e7 d'Hortons | Viu La Festa - Fires i Festes Majors a Catalunya\" width=\"235\" height=\"138\" data-iml=\"29453\" \/><\/a><\/p>\n","protected":false},"excerpt":{"rendered":"<p>Els \u00faltims dies de curs a l&#8217;escola la Jota \u00e9s va organitzar una s\u00faper festa de l&#8217;aigua.<br \/>\nTant els nens i les nenes d&#8217;infantil com les mestres ens ho vam passar genial.<br \/>\nSabem que us hauria agradat participar i volem que vosaltres tamb\u00e9 pugueu gaudir d&#8217;alguna manera&hellip;  <a href=\"https:\/\/agora.xtec.cat\/ceiplajota\/infantil\/festa-de-laigua-infantil\/\" title=\"Read Festa de l&#8217;aigua Infantil\">Llegeix m\u00e9s\u00bb<\/a><\/p>\n","protected":false},"author":34,"featured_media":0,"comment_status":"open","ping_status":"closed","sticky":false,"template":"","format":"standard","meta":{"_bbp_topic_count":0,"_bbp_reply_count":0,"_bbp_total_topic_count":0,"_bbp_total_reply_count":0,"_bbp_voice_count":0,"_bbp_anonymous_reply_count":0,"_bbp_topic_count_hidden":0,"_bbp_reply_count_hidden":0,"_bbp_forum_subforum_count":0,"footnotes":""},"categories":[2],"tags":[],"class_list":["post-4010","post","type-post","status-publish","format-standard","hentry","category-infantil"],"post_mailing_queue_ids":[],"_links":{"self":[{"href":"https:\/\/agora.xtec.cat\/ceiplajota\/wp-json\/wp\/v2\/posts\/4010","targetHints":{"allow":["GET"]}}],"collection":[{"href":"https:\/\/agora.xtec.cat\/ceiplajota\/wp-json\/wp\/v2\/posts"}],"about":[{"href":"https:\/\/agora.xtec.cat\/ceiplajota\/wp-json\/wp\/v2\/types\/post"}],"author":[{"embeddable":true,"href":"https:\/\/agora.xtec.cat\/ceiplajota\/wp-json\/wp\/v2\/users\/34"}],"replies":[{"embeddable":true,"href":"https:\/\/agora.xtec.cat\/ceiplajota\/wp-json\/wp\/v2\/comments?post=4010"}],"version-history":[{"count":3,"href":"https:\/\/agora.xtec.cat\/ceiplajota\/wp-json\/wp\/v2\/posts\/4010\/revisions"}],"predecessor-version":[{"id":4042,"href":"https:\/\/agora.xtec.cat\/ceiplajota\/wp-json\/wp\/v2\/posts\/4010\/revisions\/4042"}],"wp:attachment":[{"href":"https:\/\/agora.xtec.cat\/ceiplajota\/wp-json\/wp\/v2\/media?parent=4010"}],"wp:term":[{"taxonomy":"category","embeddable":true,"href":"https:\/\/agora.xtec.cat\/ceiplajota\/wp-json\/wp\/v2\/categories?post=4010"},{"taxonomy":"post_tag","embeddable":true,"href":"https:\/\/agora.xtec.cat\/ceiplajota\/wp-json\/wp\/v2\/tags?post=4010"}],"curies":[{"name":"wp","href":"https:\/\/api.w.org\/{rel}","templated":true}]}}