{"id":3963,"date":"2021-06-14T00:29:30","date_gmt":"2021-06-13T22:29:30","guid":{"rendered":"https:\/\/agora.xtec.cat\/ceiplajota\/?p=3963"},"modified":"2021-06-14T00:35:37","modified_gmt":"2021-06-13T22:35:37","slug":"portada-de-lagenda-del-curs-2021-2022","status":"publish","type":"post","link":"https:\/\/agora.xtec.cat\/ceiplajota\/general\/portada-de-lagenda-del-curs-2021-2022\/","title":{"rendered":"PORTADA DE L&#8217;AGENDA DEL CURS 2021-2022"},"content":{"rendered":"<p>Ja tenim guanyadora de la portada de la nostra agenda per al curs vinent!<\/p>\n<p>Els nens i nenes de cinqu\u00e8 s\u00f3n els que fan les propostes de dibuix i els\/les alumnes de tercer i quart s\u00f3n les classes encarregades de triar la que m\u00e9s els agradi. \u00c9s una feina molt important ja que des de tercer a sis\u00e8\u00a0 portaran aquesta agenda cada dia.<\/p>\n<p>No ha estat una decisi\u00f3 f\u00e0cil, aquest any hi ha hagut molta qualitat per\u00f2 al final la nostra guanyadora ha estat la Cintia Mendoza amb un dibuix molt colorit i alegre com ella i com la nostra escola tamb\u00e9. Moltes felicitats!!!<\/p>\n<p style=\"text-align: center\"><a href=\"https:\/\/agora.xtec.cat\/ceiplajota\/wp-content\/uploads\/usu1571\/2021\/06\/portada.jpg\"><img loading=\"lazy\" decoding=\"async\" class=\"alignnone size-medium wp-image-3966\" src=\"https:\/\/agora.xtec.cat\/ceiplajota\/wp-content\/uploads\/usu1571\/2021\/06\/portada-300x282.jpg\" alt=\"\" width=\"300\" height=\"282\" srcset=\"https:\/\/agora.xtec.cat\/ceiplajota\/wp-content\/uploads\/usu1571\/2021\/06\/portada-300x282.jpg 300w, https:\/\/agora.xtec.cat\/ceiplajota\/wp-content\/uploads\/usu1571\/2021\/06\/portada.jpg 530w\" sizes=\"auto, (max-width: 300px) 100vw, 300px\" \/><\/a><\/p>\n<p>&nbsp;<\/p>\n","protected":false},"excerpt":{"rendered":"<p>Ja tenim guanyadora de la portada de la nostra agenda per al curs vinent!<br \/>\nEls nens i nenes de cinqu\u00e8 s\u00f3n els que fan les propostes de dibuix i els\/les alumnes de tercer i quart s\u00f3n les classes encarregades de triar la que m\u00e9s els agradi.&hellip;  <a href=\"https:\/\/agora.xtec.cat\/ceiplajota\/general\/portada-de-lagenda-del-curs-2021-2022\/\" title=\"Read PORTADA DE L&#8217;AGENDA DEL CURS 2021-2022\">Llegeix m\u00e9s\u00bb<\/a><\/p>\n","protected":false},"author":22,"featured_media":3969,"comment_status":"open","ping_status":"closed","sticky":false,"template":"","format":"standard","meta":{"_bbp_topic_count":0,"_bbp_reply_count":0,"_bbp_total_topic_count":0,"_bbp_total_reply_count":0,"_bbp_voice_count":0,"_bbp_anonymous_reply_count":0,"_bbp_topic_count_hidden":0,"_bbp_reply_count_hidden":0,"_bbp_forum_subforum_count":0,"footnotes":""},"categories":[1],"tags":[],"class_list":["post-3963","post","type-post","status-publish","format-standard","has-post-thumbnail","hentry","category-general"],"post_mailing_queue_ids":[],"_links":{"self":[{"href":"https:\/\/agora.xtec.cat\/ceiplajota\/wp-json\/wp\/v2\/posts\/3963","targetHints":{"allow":["GET"]}}],"collection":[{"href":"https:\/\/agora.xtec.cat\/ceiplajota\/wp-json\/wp\/v2\/posts"}],"about":[{"href":"https:\/\/agora.xtec.cat\/ceiplajota\/wp-json\/wp\/v2\/types\/post"}],"author":[{"embeddable":true,"href":"https:\/\/agora.xtec.cat\/ceiplajota\/wp-json\/wp\/v2\/users\/22"}],"replies":[{"embeddable":true,"href":"https:\/\/agora.xtec.cat\/ceiplajota\/wp-json\/wp\/v2\/comments?post=3963"}],"version-history":[{"count":2,"href":"https:\/\/agora.xtec.cat\/ceiplajota\/wp-json\/wp\/v2\/posts\/3963\/revisions"}],"predecessor-version":[{"id":3967,"href":"https:\/\/agora.xtec.cat\/ceiplajota\/wp-json\/wp\/v2\/posts\/3963\/revisions\/3967"}],"wp:featuredmedia":[{"embeddable":true,"href":"https:\/\/agora.xtec.cat\/ceiplajota\/wp-json\/wp\/v2\/media\/3969"}],"wp:attachment":[{"href":"https:\/\/agora.xtec.cat\/ceiplajota\/wp-json\/wp\/v2\/media?parent=3963"}],"wp:term":[{"taxonomy":"category","embeddable":true,"href":"https:\/\/agora.xtec.cat\/ceiplajota\/wp-json\/wp\/v2\/categories?post=3963"},{"taxonomy":"post_tag","embeddable":true,"href":"https:\/\/agora.xtec.cat\/ceiplajota\/wp-json\/wp\/v2\/tags?post=3963"}],"curies":[{"name":"wp","href":"https:\/\/api.w.org\/{rel}","templated":true}]}}