{"id":3947,"date":"2021-06-07T23:44:55","date_gmt":"2021-06-07T21:44:55","guid":{"rendered":"https:\/\/agora.xtec.cat\/ceiplajota\/?p=3947"},"modified":"2021-06-07T23:47:31","modified_gmt":"2021-06-07T21:47:31","slug":"mural-comiat-sise","status":"publish","type":"post","link":"https:\/\/agora.xtec.cat\/ceiplajota\/general\/mural-comiat-sise\/","title":{"rendered":"MURAL COMIAT SIS\u00c8"},"content":{"rendered":"<p style=\"font-weight: 400;\">Aquest curs ja est\u00e0 arribant a la seva fi i els alumnes de sis\u00e8 estan gaudint dels seus \u00faltims dies a l`escola, ja que d`aqu\u00ed a poc comen\u00e7aran el seu nou viatge cap a l\u2019Institut.<\/p>\n<p style=\"font-weight: 400;\">L`equip de mestres de l`Escola La Jota \u00a0hem elaborat un mural al vest\u00edbul del centre on aquesta promoci\u00f3 tan especial \u00e9s la principal protagonista.<\/p>\n<p style=\"font-weight: 400;\">BON VIATGE !!!<\/p>\n<p style=\"font-weight: 400;\"><a href=\"https:\/\/agora.xtec.cat\/ceiplajota\/wp-content\/uploads\/usu1571\/2021\/06\/Captura-de-pantalla-2021-06-07-233555.png\"><img loading=\"lazy\" decoding=\"async\" class=\"alignleft wp-image-3949 size-medium\" src=\"https:\/\/agora.xtec.cat\/ceiplajota\/wp-content\/uploads\/usu1571\/2021\/06\/Captura-de-pantalla-2021-06-07-233555-300x222.png\" alt=\"\" width=\"300\" height=\"222\" srcset=\"https:\/\/agora.xtec.cat\/ceiplajota\/wp-content\/uploads\/usu1571\/2021\/06\/Captura-de-pantalla-2021-06-07-233555-300x222.png 300w, https:\/\/agora.xtec.cat\/ceiplajota\/wp-content\/uploads\/usu1571\/2021\/06\/Captura-de-pantalla-2021-06-07-233555-768x568.png 768w, https:\/\/agora.xtec.cat\/ceiplajota\/wp-content\/uploads\/usu1571\/2021\/06\/Captura-de-pantalla-2021-06-07-233555-1024x757.png 1024w, https:\/\/agora.xtec.cat\/ceiplajota\/wp-content\/uploads\/usu1571\/2021\/06\/Captura-de-pantalla-2021-06-07-233555.png 1060w\" sizes=\"auto, (max-width: 300px) 100vw, 300px\" \/><\/a><a href=\"https:\/\/agora.xtec.cat\/ceiplajota\/wp-content\/uploads\/usu1571\/2021\/06\/Captura-de-pantalla-2021-06-07-233627.png\"><img loading=\"lazy\" decoding=\"async\" class=\"alignnone wp-image-3950 size-medium\" src=\"https:\/\/agora.xtec.cat\/ceiplajota\/wp-content\/uploads\/usu1571\/2021\/06\/Captura-de-pantalla-2021-06-07-233627-300x147.png\" alt=\"\" width=\"300\" height=\"147\" srcset=\"https:\/\/agora.xtec.cat\/ceiplajota\/wp-content\/uploads\/usu1571\/2021\/06\/Captura-de-pantalla-2021-06-07-233627-300x147.png 300w, https:\/\/agora.xtec.cat\/ceiplajota\/wp-content\/uploads\/usu1571\/2021\/06\/Captura-de-pantalla-2021-06-07-233627-768x376.png 768w, https:\/\/agora.xtec.cat\/ceiplajota\/wp-content\/uploads\/usu1571\/2021\/06\/Captura-de-pantalla-2021-06-07-233627-1024x501.png 1024w, https:\/\/agora.xtec.cat\/ceiplajota\/wp-content\/uploads\/usu1571\/2021\/06\/Captura-de-pantalla-2021-06-07-233627.png 1117w\" sizes=\"auto, (max-width: 300px) 100vw, 300px\" \/><\/a><a href=\"https:\/\/agora.xtec.cat\/ceiplajota\/wp-content\/uploads\/usu1571\/2021\/06\/Captura-de-pantalla-2021-06-07-233517.png\"><img loading=\"lazy\" decoding=\"async\" class=\"alignnone wp-image-3948 size-medium\" src=\"https:\/\/agora.xtec.cat\/ceiplajota\/wp-content\/uploads\/usu1571\/2021\/06\/Captura-de-pantalla-2021-06-07-233517-300x175.png\" alt=\"\" width=\"300\" height=\"175\" srcset=\"https:\/\/agora.xtec.cat\/ceiplajota\/wp-content\/uploads\/usu1571\/2021\/06\/Captura-de-pantalla-2021-06-07-233517-300x175.png 300w, https:\/\/agora.xtec.cat\/ceiplajota\/wp-content\/uploads\/usu1571\/2021\/06\/Captura-de-pantalla-2021-06-07-233517-768x448.png 768w, https:\/\/agora.xtec.cat\/ceiplajota\/wp-content\/uploads\/usu1571\/2021\/06\/Captura-de-pantalla-2021-06-07-233517-1024x597.png 1024w, https:\/\/agora.xtec.cat\/ceiplajota\/wp-content\/uploads\/usu1571\/2021\/06\/Captura-de-pantalla-2021-06-07-233517.png 1129w\" sizes=\"auto, (max-width: 300px) 100vw, 300px\" \/><\/a><\/p>\n<p>&nbsp;<\/p>\n","protected":false},"excerpt":{"rendered":"<p>Aquest curs ja est\u00e0 arribant a la seva fi i els alumnes de sis\u00e8 estan gaudint dels seus \u00faltims dies a l`escola, ja que d`aqu\u00ed a poc comen\u00e7aran el seu nou viatge cap a l\u2019Institut.<br \/>\nL`equip de mestres de l`Escola La Jota \u00a0hem elaborat un mural&hellip;  <a href=\"https:\/\/agora.xtec.cat\/ceiplajota\/general\/mural-comiat-sise\/\" title=\"Read MURAL COMIAT SIS\u00c8\">Llegeix m\u00e9s\u00bb<\/a><\/p>\n","protected":false},"author":3,"featured_media":3950,"comment_status":"open","ping_status":"closed","sticky":false,"template":"","format":"standard","meta":{"_bbp_topic_count":0,"_bbp_reply_count":0,"_bbp_total_topic_count":0,"_bbp_total_reply_count":0,"_bbp_voice_count":0,"_bbp_anonymous_reply_count":0,"_bbp_topic_count_hidden":0,"_bbp_reply_count_hidden":0,"_bbp_forum_subforum_count":0,"footnotes":""},"categories":[15,1,5],"tags":[],"class_list":["post-3947","post","type-post","status-publish","format-standard","has-post-thumbnail","hentry","category-6e","category-general","category-primaria"],"post_mailing_queue_ids":[],"_links":{"self":[{"href":"https:\/\/agora.xtec.cat\/ceiplajota\/wp-json\/wp\/v2\/posts\/3947","targetHints":{"allow":["GET"]}}],"collection":[{"href":"https:\/\/agora.xtec.cat\/ceiplajota\/wp-json\/wp\/v2\/posts"}],"about":[{"href":"https:\/\/agora.xtec.cat\/ceiplajota\/wp-json\/wp\/v2\/types\/post"}],"author":[{"embeddable":true,"href":"https:\/\/agora.xtec.cat\/ceiplajota\/wp-json\/wp\/v2\/users\/3"}],"replies":[{"embeddable":true,"href":"https:\/\/agora.xtec.cat\/ceiplajota\/wp-json\/wp\/v2\/comments?post=3947"}],"version-history":[{"count":1,"href":"https:\/\/agora.xtec.cat\/ceiplajota\/wp-json\/wp\/v2\/posts\/3947\/revisions"}],"predecessor-version":[{"id":3951,"href":"https:\/\/agora.xtec.cat\/ceiplajota\/wp-json\/wp\/v2\/posts\/3947\/revisions\/3951"}],"wp:featuredmedia":[{"embeddable":true,"href":"https:\/\/agora.xtec.cat\/ceiplajota\/wp-json\/wp\/v2\/media\/3950"}],"wp:attachment":[{"href":"https:\/\/agora.xtec.cat\/ceiplajota\/wp-json\/wp\/v2\/media?parent=3947"}],"wp:term":[{"taxonomy":"category","embeddable":true,"href":"https:\/\/agora.xtec.cat\/ceiplajota\/wp-json\/wp\/v2\/categories?post=3947"},{"taxonomy":"post_tag","embeddable":true,"href":"https:\/\/agora.xtec.cat\/ceiplajota\/wp-json\/wp\/v2\/tags?post=3947"}],"curies":[{"name":"wp","href":"https:\/\/api.w.org\/{rel}","templated":true}]}}