{"id":3904,"date":"2021-05-27T00:12:08","date_gmt":"2021-05-26T22:12:08","guid":{"rendered":"https:\/\/agora.xtec.cat\/ceiplajota\/?p=3904"},"modified":"2021-05-27T13:05:02","modified_gmt":"2021-05-27T11:05:02","slug":"colonies-can-bajona-primaria","status":"publish","type":"post","link":"https:\/\/agora.xtec.cat\/ceiplajota\/general\/colonies-can-bajona-primaria\/","title":{"rendered":"COL\u00d2NIES CAN BAJONA (PRIMARIA)"},"content":{"rendered":"<p>Dilluns 31 els nens i les nenes de Primaria marxen de Col\u00f2nies a Can Bajona (Clariana de Cardener). All\u00e0 gaudiran durant tres dies d`un munt d`activitats ben engrescadores. Clicant podreu veure les diferents activitats de cada cicle.<\/p>\n<ul style=\"list-style-type: circle;\">\n<li><a href=\"https:\/\/prezi.com\/view\/SvbDUIvkFVlMf0Uiu76y\/\">CICLE INICIAL<\/a><\/li>\n<li><a href=\"https:\/\/prezi.com\/view\/PznZO3gT1Mi4gVXjfnRx\/\">CICLE MITJ\u00c0<\/a><\/li>\n<li><a href=\"https:\/\/prezi.com\/view\/PXMg2XVScEWiw3CxrAlD\/\">CICLE SUPERIOR<\/a><\/li>\n<\/ul>\n<p>En aquest article tamb\u00e9 podreu veure les fotografies dels alumnes que han anat de col\u00f2nies. Els i les mestres aniran penjat di\u00e0riament les imatges d&#8217;aquells moments m\u00e9s especials i de les activitats m\u00e9s destacades que fan els nens i nenes.<\/p>\n<p>Feu clic sobre el curs que voleu veure.<\/p>\n<p><a href=\"https:\/\/agora.xtec.cat\/ceiplajota\/wp-content\/uploads\/usu1571\/2021\/05\/fotos-colonies.jpg\"><img loading=\"lazy\" decoding=\"async\" class=\"alignnone size-full wp-image-3917\" src=\"https:\/\/agora.xtec.cat\/ceiplajota\/wp-content\/uploads\/usu1571\/2021\/05\/fotos-colonies.jpg\" alt=\"\" width=\"872\" height=\"201\" srcset=\"https:\/\/agora.xtec.cat\/ceiplajota\/wp-content\/uploads\/usu1571\/2021\/05\/fotos-colonies.jpg 872w, https:\/\/agora.xtec.cat\/ceiplajota\/wp-content\/uploads\/usu1571\/2021\/05\/fotos-colonies-300x69.jpg 300w, https:\/\/agora.xtec.cat\/ceiplajota\/wp-content\/uploads\/usu1571\/2021\/05\/fotos-colonies-768x177.jpg 768w\" sizes=\"auto, (max-width: 872px) 100vw, 872px\" \/><\/a><\/p>\n<p><a href=\"https:\/\/photos.app.goo.gl\/k6PhJAQesNRzqDHG7\"><img loading=\"lazy\" decoding=\"async\" class=\"alignnone wp-image-3911\" src=\"https:\/\/agora.xtec.cat\/ceiplajota\/wp-content\/uploads\/usu1571\/2021\/05\/1er.jpg\" alt=\"\" width=\"200\" height=\"285\" srcset=\"https:\/\/agora.xtec.cat\/ceiplajota\/wp-content\/uploads\/usu1571\/2021\/05\/1er.jpg 434w, https:\/\/agora.xtec.cat\/ceiplajota\/wp-content\/uploads\/usu1571\/2021\/05\/1er-210x300.jpg 210w\" sizes=\"auto, (max-width: 200px) 100vw, 200px\" \/>\u00a0\u00a0\u00a0\u00a0\u00a0\u00a0\u00a0\u00a0\u00a0\u00a0 <\/a><a href=\"https:\/\/photos.app.goo.gl\/4Acxejh3W3GKe6CB7\"><img loading=\"lazy\" decoding=\"async\" class=\"alignnone wp-image-3912\" src=\"https:\/\/agora.xtec.cat\/ceiplajota\/wp-content\/uploads\/usu1571\/2021\/05\/2n.jpg\" alt=\"\" width=\"200\" height=\"284\" srcset=\"https:\/\/agora.xtec.cat\/ceiplajota\/wp-content\/uploads\/usu1571\/2021\/05\/2n.jpg 436w, https:\/\/agora.xtec.cat\/ceiplajota\/wp-content\/uploads\/usu1571\/2021\/05\/2n-211x300.jpg 211w\" sizes=\"auto, (max-width: 200px) 100vw, 200px\" \/>\u00a0\u00a0\u00a0\u00a0\u00a0\u00a0\u00a0\u00a0\u00a0 <\/a><a href=\"https:\/\/photos.app.goo.gl\/Beuu4ZeKUSoJ9LQB9\"><img loading=\"lazy\" decoding=\"async\" class=\"alignnone wp-image-3913\" src=\"https:\/\/agora.xtec.cat\/ceiplajota\/wp-content\/uploads\/usu1571\/2021\/05\/3er.jpg\" alt=\"\" width=\"200\" height=\"285\" srcset=\"https:\/\/agora.xtec.cat\/ceiplajota\/wp-content\/uploads\/usu1571\/2021\/05\/3er.jpg 433w, https:\/\/agora.xtec.cat\/ceiplajota\/wp-content\/uploads\/usu1571\/2021\/05\/3er-211x300.jpg 211w\" sizes=\"auto, (max-width: 200px) 100vw, 200px\" \/>\u00a0\u00a0\u00a0\u00a0<\/a><\/p>\n<p><a href=\"https:\/\/photos.app.goo.gl\/F6BLL3TuvYmPobpHA\"><img loading=\"lazy\" decoding=\"async\" class=\"alignnone wp-image-3914\" src=\"https:\/\/agora.xtec.cat\/ceiplajota\/wp-content\/uploads\/usu1571\/2021\/05\/4rt.jpg\" alt=\"\" width=\"200\" height=\"285\" srcset=\"https:\/\/agora.xtec.cat\/ceiplajota\/wp-content\/uploads\/usu1571\/2021\/05\/4rt.jpg 434w, https:\/\/agora.xtec.cat\/ceiplajota\/wp-content\/uploads\/usu1571\/2021\/05\/4rt-211x300.jpg 211w\" sizes=\"auto, (max-width: 200px) 100vw, 200px\" \/>\u00a0\u00a0\u00a0\u00a0\u00a0\u00a0\u00a0\u00a0\u00a0 <\/a><a href=\"https:\/\/photos.app.goo.gl\/7FajfPRe2vETfTah9\"><img loading=\"lazy\" decoding=\"async\" class=\"alignnone wp-image-3915\" src=\"https:\/\/agora.xtec.cat\/ceiplajota\/wp-content\/uploads\/usu1571\/2021\/05\/5\u00e8.jpg\" alt=\"\" width=\"201\" height=\"285\" srcset=\"https:\/\/agora.xtec.cat\/ceiplajota\/wp-content\/uploads\/usu1571\/2021\/05\/5\u00e8.jpg 436w, https:\/\/agora.xtec.cat\/ceiplajota\/wp-content\/uploads\/usu1571\/2021\/05\/5\u00e8-211x300.jpg 211w\" sizes=\"auto, (max-width: 201px) 100vw, 201px\" \/>\u00a0\u00a0\u00a0\u00a0\u00a0\u00a0\u00a0\u00a0\u00a0 <\/a><a href=\"https:\/\/photos.app.goo.gl\/9ici6GoX24PPf8w58\"><img loading=\"lazy\" decoding=\"async\" class=\"alignnone wp-image-3916\" src=\"https:\/\/agora.xtec.cat\/ceiplajota\/wp-content\/uploads\/usu1571\/2021\/05\/6\u00e8.jpg\" alt=\"\" width=\"200\" height=\"287\" srcset=\"https:\/\/agora.xtec.cat\/ceiplajota\/wp-content\/uploads\/usu1571\/2021\/05\/6\u00e8.jpg 431w, https:\/\/agora.xtec.cat\/ceiplajota\/wp-content\/uploads\/usu1571\/2021\/05\/6\u00e8-209x300.jpg 209w\" sizes=\"auto, (max-width: 200px) 100vw, 200px\" \/><\/a><\/p>\n","protected":false},"excerpt":{"rendered":"<p>En aquest article podeu veure les fotografies dels alumnes que han anat de colonies.&hellip;  <a href=\"https:\/\/agora.xtec.cat\/ceiplajota\/general\/colonies-can-bajona-primaria\/\" title=\"Read COL\u00d2NIES CAN BAJONA (PRIMARIA)\">Llegeix m\u00e9s\u00bb<\/a><\/p>\n","protected":false},"author":3,"featured_media":3906,"comment_status":"open","ping_status":"closed","sticky":false,"template":"","format":"standard","meta":{"_bbp_topic_count":0,"_bbp_reply_count":0,"_bbp_total_topic_count":0,"_bbp_total_reply_count":0,"_bbp_voice_count":0,"_bbp_anonymous_reply_count":0,"_bbp_topic_count_hidden":0,"_bbp_reply_count_hidden":0,"_bbp_forum_subforum_count":0,"footnotes":""},"categories":[1],"tags":[],"class_list":["post-3904","post","type-post","status-publish","format-standard","has-post-thumbnail","hentry","category-general"],"post_mailing_queue_ids":[],"_links":{"self":[{"href":"https:\/\/agora.xtec.cat\/ceiplajota\/wp-json\/wp\/v2\/posts\/3904","targetHints":{"allow":["GET"]}}],"collection":[{"href":"https:\/\/agora.xtec.cat\/ceiplajota\/wp-json\/wp\/v2\/posts"}],"about":[{"href":"https:\/\/agora.xtec.cat\/ceiplajota\/wp-json\/wp\/v2\/types\/post"}],"author":[{"embeddable":true,"href":"https:\/\/agora.xtec.cat\/ceiplajota\/wp-json\/wp\/v2\/users\/3"}],"replies":[{"embeddable":true,"href":"https:\/\/agora.xtec.cat\/ceiplajota\/wp-json\/wp\/v2\/comments?post=3904"}],"version-history":[{"count":3,"href":"https:\/\/agora.xtec.cat\/ceiplajota\/wp-json\/wp\/v2\/posts\/3904\/revisions"}],"predecessor-version":[{"id":3933,"href":"https:\/\/agora.xtec.cat\/ceiplajota\/wp-json\/wp\/v2\/posts\/3904\/revisions\/3933"}],"wp:featuredmedia":[{"embeddable":true,"href":"https:\/\/agora.xtec.cat\/ceiplajota\/wp-json\/wp\/v2\/media\/3906"}],"wp:attachment":[{"href":"https:\/\/agora.xtec.cat\/ceiplajota\/wp-json\/wp\/v2\/media?parent=3904"}],"wp:term":[{"taxonomy":"category","embeddable":true,"href":"https:\/\/agora.xtec.cat\/ceiplajota\/wp-json\/wp\/v2\/categories?post=3904"},{"taxonomy":"post_tag","embeddable":true,"href":"https:\/\/agora.xtec.cat\/ceiplajota\/wp-json\/wp\/v2\/tags?post=3904"}],"curies":[{"name":"wp","href":"https:\/\/api.w.org\/{rel}","templated":true}]}}