{"id":3884,"date":"2021-05-12T20:30:56","date_gmt":"2021-05-12T18:30:56","guid":{"rendered":"https:\/\/agora.xtec.cat\/ceiplajota\/?p=3884"},"modified":"2021-05-12T20:30:56","modified_gmt":"2021-05-12T18:30:56","slug":"quin-es-el-valor-de-lenergia-que-consumim","status":"publish","type":"post","link":"https:\/\/agora.xtec.cat\/ceiplajota\/general\/quin-es-el-valor-de-lenergia-que-consumim\/","title":{"rendered":"QUIN \u00c9S EL VALOR DE L&#8217;ENERGIA QUE CONSUMIM?"},"content":{"rendered":"<p>El passat 3 de maig els i les alumnes de 5\u00e8 vam realitzar un taller de l&#8217;Ag\u00e8ncia Catalana del Consum. Vam rebre a classe una educadora i una reportera del NATIONAL GEOGR\u00c0FIC que ens van demanar per redactar un article sobre el consum energ\u00e8tic, i aix\u00ed poder reflexionar sobre la diversitat d&#8217;estils de vida i la seva relaci\u00f3 amb el consum, i sobre la responsabilitat que els joves poden assumir en l&#8217;\u00fas quotidi\u00e0 de productes que consumeixen energia.<\/p>\n<p><a href=\"https:\/\/photos.app.goo.gl\/WdGndu9CYnEQMWPg9\">FENT CLIC AQU\u00cd PODEU VEURE UN RECULL DE LES FOTOGRAFIES DE L&#8217;ACTIVITAT<\/a><\/p>\n","protected":false},"excerpt":{"rendered":"<p>El passat 3 de maig els i les alumnes de 5\u00e8 vam realitzar un taller de l&#8217;Ag\u00e8ncia Catalana del Consum. Vam rebre a classe una educadora i una reportera del NATIONAL GEOGR\u00c0FIC que ens van demanar per redactar un article sobre el consum energ\u00e8tic, i&hellip;  <a href=\"https:\/\/agora.xtec.cat\/ceiplajota\/general\/quin-es-el-valor-de-lenergia-que-consumim\/\" title=\"Read QUIN \u00c9S EL VALOR DE L&#8217;ENERGIA QUE CONSUMIM?\">Llegeix m\u00e9s\u00bb<\/a><\/p>\n","protected":false},"author":3,"featured_media":3885,"comment_status":"open","ping_status":"closed","sticky":false,"template":"","format":"standard","meta":{"_bbp_topic_count":0,"_bbp_reply_count":0,"_bbp_total_topic_count":0,"_bbp_total_reply_count":0,"_bbp_voice_count":0,"_bbp_anonymous_reply_count":0,"_bbp_topic_count_hidden":0,"_bbp_reply_count_hidden":0,"_bbp_forum_subforum_count":0,"footnotes":""},"categories":[14,1],"tags":[],"class_list":["post-3884","post","type-post","status-publish","format-standard","has-post-thumbnail","hentry","category-5e","category-general"],"post_mailing_queue_ids":[],"_links":{"self":[{"href":"https:\/\/agora.xtec.cat\/ceiplajota\/wp-json\/wp\/v2\/posts\/3884","targetHints":{"allow":["GET"]}}],"collection":[{"href":"https:\/\/agora.xtec.cat\/ceiplajota\/wp-json\/wp\/v2\/posts"}],"about":[{"href":"https:\/\/agora.xtec.cat\/ceiplajota\/wp-json\/wp\/v2\/types\/post"}],"author":[{"embeddable":true,"href":"https:\/\/agora.xtec.cat\/ceiplajota\/wp-json\/wp\/v2\/users\/3"}],"replies":[{"embeddable":true,"href":"https:\/\/agora.xtec.cat\/ceiplajota\/wp-json\/wp\/v2\/comments?post=3884"}],"version-history":[{"count":1,"href":"https:\/\/agora.xtec.cat\/ceiplajota\/wp-json\/wp\/v2\/posts\/3884\/revisions"}],"predecessor-version":[{"id":3886,"href":"https:\/\/agora.xtec.cat\/ceiplajota\/wp-json\/wp\/v2\/posts\/3884\/revisions\/3886"}],"wp:featuredmedia":[{"embeddable":true,"href":"https:\/\/agora.xtec.cat\/ceiplajota\/wp-json\/wp\/v2\/media\/3885"}],"wp:attachment":[{"href":"https:\/\/agora.xtec.cat\/ceiplajota\/wp-json\/wp\/v2\/media?parent=3884"}],"wp:term":[{"taxonomy":"category","embeddable":true,"href":"https:\/\/agora.xtec.cat\/ceiplajota\/wp-json\/wp\/v2\/categories?post=3884"},{"taxonomy":"post_tag","embeddable":true,"href":"https:\/\/agora.xtec.cat\/ceiplajota\/wp-json\/wp\/v2\/tags?post=3884"}],"curies":[{"name":"wp","href":"https:\/\/api.w.org\/{rel}","templated":true}]}}