{"id":3820,"date":"2021-04-28T21:48:40","date_gmt":"2021-04-28T19:48:40","guid":{"rendered":"https:\/\/agora.xtec.cat\/ceiplajota\/?p=3820"},"modified":"2021-04-28T21:55:10","modified_gmt":"2021-04-28T19:55:10","slug":"a-lescola-fruita-i-hortalisses","status":"publish","type":"post","link":"https:\/\/agora.xtec.cat\/ceiplajota\/general\/a-lescola-fruita-i-hortalisses\/","title":{"rendered":"A L\u2019ESCOLA, FRUITA I HORTALISSES"},"content":{"rendered":"<p><span style=\"font-weight: 400\">Per millorar la salut cal menjar fruita i verdura en cada \u00e0pat, tant a casa com a l\u2019escola. Menjar fruita i verdura \u00e9s sa i divertit.\u00a0<\/span><\/p>\n<p><span style=\"font-weight: 400\">Una bona manera per a incentivar el seu consum en els infants, \u00e9s la de involucrar-los en la compra i preparaci\u00f3 d&#8217;aquests aliments<\/span><b>.\u00a0<\/b><span style=\"font-weight: 400\">Si estan implicats en el proc\u00e9s d&#8217;elaboraci\u00f3 de diferents receptes seran m\u00e9s propensos a, com a m\u00ednim, provar-les ja que ells mateixos les hauran preparat.<\/span><\/p>\n<p><span style=\"font-weight: 400\">Aqu\u00ed us deixem uns v\u00eddeos i fotografies d\u2019alumnes de l&#8217;escola que s\u00f3n un bon exemple. Animeu-vos!<\/span><\/p>\n<p><a href=\"https:\/\/agora.xtec.cat\/ceiplajota\/wp-content\/uploads\/usu1571\/2021\/04\/photo_2021-04-28-20.55.18-1.jpeg\"><img loading=\"lazy\" decoding=\"async\" class=\"alignnone wp-image-3830\" src=\"https:\/\/agora.xtec.cat\/ceiplajota\/wp-content\/uploads\/usu1571\/2021\/04\/photo_2021-04-28-20.55.18-1-1024x768.jpeg\" alt=\"\" width=\"629\" height=\"472\" srcset=\"https:\/\/agora.xtec.cat\/ceiplajota\/wp-content\/uploads\/usu1571\/2021\/04\/photo_2021-04-28-20.55.18-1-1024x768.jpeg 1024w, https:\/\/agora.xtec.cat\/ceiplajota\/wp-content\/uploads\/usu1571\/2021\/04\/photo_2021-04-28-20.55.18-1-300x225.jpeg 300w, https:\/\/agora.xtec.cat\/ceiplajota\/wp-content\/uploads\/usu1571\/2021\/04\/photo_2021-04-28-20.55.18-1-768x576.jpeg 768w, https:\/\/agora.xtec.cat\/ceiplajota\/wp-content\/uploads\/usu1571\/2021\/04\/photo_2021-04-28-20.55.18-1-200x150.jpeg 200w, https:\/\/agora.xtec.cat\/ceiplajota\/wp-content\/uploads\/usu1571\/2021\/04\/photo_2021-04-28-20.55.18-1.jpeg 1280w\" sizes=\"auto, (max-width: 629px) 100vw, 629px\" \/>\u00a0 <\/a><a href=\"https:\/\/agora.xtec.cat\/ceiplajota\/wp-content\/uploads\/usu1571\/2021\/04\/photo_2021-04-28-20.55.26.jpeg\"><img loading=\"lazy\" decoding=\"async\" class=\"alignnone wp-image-3831\" src=\"https:\/\/agora.xtec.cat\/ceiplajota\/wp-content\/uploads\/usu1571\/2021\/04\/photo_2021-04-28-20.55.26-815x1024.jpeg\" alt=\"\" width=\"377\" height=\"474\" srcset=\"https:\/\/agora.xtec.cat\/ceiplajota\/wp-content\/uploads\/usu1571\/2021\/04\/photo_2021-04-28-20.55.26-815x1024.jpeg 815w, https:\/\/agora.xtec.cat\/ceiplajota\/wp-content\/uploads\/usu1571\/2021\/04\/photo_2021-04-28-20.55.26-239x300.jpeg 239w, https:\/\/agora.xtec.cat\/ceiplajota\/wp-content\/uploads\/usu1571\/2021\/04\/photo_2021-04-28-20.55.26-768x965.jpeg 768w, https:\/\/agora.xtec.cat\/ceiplajota\/wp-content\/uploads\/usu1571\/2021\/04\/photo_2021-04-28-20.55.26.jpeg 1019w\" sizes=\"auto, (max-width: 377px) 100vw, 377px\" \/><\/a><\/p>\n<table style=\"height: 646px\" width=\"675\">\n<tbody>\n<tr>\n<td style=\"width: 334.444px\"><div style=\"width: 272px;\" class=\"wp-video\"><!--[if lt IE 9]><script>document.createElement('video');<\/script><![endif]-->\n<video class=\"wp-video-shortcode\" id=\"video-3820-1\" width=\"272\" height=\"480\" preload=\"metadata\" controls=\"controls\"><source type=\"video\/mp4\" src=\"https:\/\/agora.xtec.cat\/ceiplajota\/wp-content\/uploads\/usu1571\/2021\/04\/telegram-cloud-document-4-5787223433540536689.mp4?_=1\" \/><a href=\"https:\/\/agora.xtec.cat\/ceiplajota\/wp-content\/uploads\/usu1571\/2021\/04\/telegram-cloud-document-4-5787223433540536689.mp4\">https:\/\/agora.xtec.cat\/ceiplajota\/wp-content\/uploads\/usu1571\/2021\/04\/telegram-cloud-document-4-5787223433540536689.mp4<\/a><\/video><\/div><\/p>\n<p class=\"p1\">Paula Cazorla, 1er A<\/p>\n<\/td>\n<td style=\"width: 334.444px\"><div style=\"width: 320px;\" class=\"wp-video\"><video class=\"wp-video-shortcode\" id=\"video-3820-2\" width=\"320\" height=\"560\" preload=\"metadata\" controls=\"controls\"><source type=\"video\/mp4\" src=\"https:\/\/agora.xtec.cat\/ceiplajota\/wp-content\/uploads\/usu1571\/2021\/04\/telegram-cloud-document-4-5787223433540536690-1.mp4?_=2\" \/><a href=\"https:\/\/agora.xtec.cat\/ceiplajota\/wp-content\/uploads\/usu1571\/2021\/04\/telegram-cloud-document-4-5787223433540536690-1.mp4\">https:\/\/agora.xtec.cat\/ceiplajota\/wp-content\/uploads\/usu1571\/2021\/04\/telegram-cloud-document-4-5787223433540536690-1.mp4<\/a><\/video><\/div><\/p>\n<p>&nbsp;<\/p>\n<p>Chloe P4A<\/td>\n<\/tr>\n<\/tbody>\n<\/table>\n<p><a href=\"https:\/\/agora.xtec.cat\/ceiplajota\/wp-content\/uploads\/usu1571\/2021\/04\/Mi-video.mov\"><img loading=\"lazy\" decoding=\"async\" class=\"alignnone size-full wp-image-3837\" src=\"https:\/\/agora.xtec.cat\/ceiplajota\/wp-content\/uploads\/usu1571\/2021\/04\/Captura-de-pantalla-2021-04-28-a-las-21.42.05.png\" alt=\"\" width=\"503\" height=\"279\" srcset=\"https:\/\/agora.xtec.cat\/ceiplajota\/wp-content\/uploads\/usu1571\/2021\/04\/Captura-de-pantalla-2021-04-28-a-las-21.42.05.png 503w, https:\/\/agora.xtec.cat\/ceiplajota\/wp-content\/uploads\/usu1571\/2021\/04\/Captura-de-pantalla-2021-04-28-a-las-21.42.05-300x166.png 300w\" sizes=\"auto, (max-width: 503px) 100vw, 503px\" \/><\/a><\/p>\n<p class=\"p1\">Sergi 4rtB<\/p>\n","protected":false},"excerpt":{"rendered":"<p>Per millorar la salut cal menjar fruita i verdura en cada \u00e0pat, tant a casa com a l\u2019escola. Menjar fruita i verdura \u00e9s sa i divertit.\u00a0<br \/>\nUna bona manera per a incentivar el seu consum en els infants, \u00e9s la de involucrar-los en la compra i&hellip;  <a href=\"https:\/\/agora.xtec.cat\/ceiplajota\/general\/a-lescola-fruita-i-hortalisses\/\" title=\"Read A L\u2019ESCOLA, FRUITA I HORTALISSES\">Llegeix m\u00e9s\u00bb<\/a><\/p>\n","protected":false},"author":34,"featured_media":3830,"comment_status":"open","ping_status":"closed","sticky":false,"template":"","format":"standard","meta":{"_bbp_topic_count":0,"_bbp_reply_count":0,"_bbp_total_topic_count":0,"_bbp_total_reply_count":0,"_bbp_voice_count":0,"_bbp_anonymous_reply_count":0,"_bbp_topic_count_hidden":0,"_bbp_reply_count_hidden":0,"_bbp_forum_subforum_count":0,"footnotes":""},"categories":[1,2,5],"tags":[],"class_list":["post-3820","post","type-post","status-publish","format-standard","has-post-thumbnail","hentry","category-general","category-infantil","category-primaria"],"post_mailing_queue_ids":[],"_links":{"self":[{"href":"https:\/\/agora.xtec.cat\/ceiplajota\/wp-json\/wp\/v2\/posts\/3820","targetHints":{"allow":["GET"]}}],"collection":[{"href":"https:\/\/agora.xtec.cat\/ceiplajota\/wp-json\/wp\/v2\/posts"}],"about":[{"href":"https:\/\/agora.xtec.cat\/ceiplajota\/wp-json\/wp\/v2\/types\/post"}],"author":[{"embeddable":true,"href":"https:\/\/agora.xtec.cat\/ceiplajota\/wp-json\/wp\/v2\/users\/34"}],"replies":[{"embeddable":true,"href":"https:\/\/agora.xtec.cat\/ceiplajota\/wp-json\/wp\/v2\/comments?post=3820"}],"version-history":[{"count":3,"href":"https:\/\/agora.xtec.cat\/ceiplajota\/wp-json\/wp\/v2\/posts\/3820\/revisions"}],"predecessor-version":[{"id":3841,"href":"https:\/\/agora.xtec.cat\/ceiplajota\/wp-json\/wp\/v2\/posts\/3820\/revisions\/3841"}],"wp:featuredmedia":[{"embeddable":true,"href":"https:\/\/agora.xtec.cat\/ceiplajota\/wp-json\/wp\/v2\/media\/3830"}],"wp:attachment":[{"href":"https:\/\/agora.xtec.cat\/ceiplajota\/wp-json\/wp\/v2\/media?parent=3820"}],"wp:term":[{"taxonomy":"category","embeddable":true,"href":"https:\/\/agora.xtec.cat\/ceiplajota\/wp-json\/wp\/v2\/categories?post=3820"},{"taxonomy":"post_tag","embeddable":true,"href":"https:\/\/agora.xtec.cat\/ceiplajota\/wp-json\/wp\/v2\/tags?post=3820"}],"curies":[{"name":"wp","href":"https:\/\/api.w.org\/{rel}","templated":true}]}}