{"id":3800,"date":"2021-04-23T18:32:17","date_gmt":"2021-04-23T16:32:17","guid":{"rendered":"https:\/\/agora.xtec.cat\/ceiplajota\/?p=3800"},"modified":"2021-04-27T17:36:08","modified_gmt":"2021-04-27T15:36:08","slug":"sant-jordi-2021","status":"publish","type":"post","link":"https:\/\/agora.xtec.cat\/ceiplajota\/general\/sant-jordi-2021\/","title":{"rendered":"SANT JORDI 2021"},"content":{"rendered":"<p>Aquest ha estat un Sant Jordi molt esperat, ten\u00edem moltes ganes de gaudir de la Diada a l&#8217;escola i ho hem pogut fer.<\/p>\n<p><a href=\"https:\/\/agora.xtec.cat\/ceiplajota\/wp-content\/uploads\/usu1571\/2021\/04\/Sant-Jordi-llibre-i-rosa.png\"><img loading=\"lazy\" decoding=\"async\" class=\"aligncenter wp-image-3812\" src=\"https:\/\/agora.xtec.cat\/ceiplajota\/wp-content\/uploads\/usu1571\/2021\/04\/Sant-Jordi-llibre-i-rosa-300x174.png\" alt=\"\" width=\"196\" height=\"114\" srcset=\"https:\/\/agora.xtec.cat\/ceiplajota\/wp-content\/uploads\/usu1571\/2021\/04\/Sant-Jordi-llibre-i-rosa-300x174.png 300w, https:\/\/agora.xtec.cat\/ceiplajota\/wp-content\/uploads\/usu1571\/2021\/04\/Sant-Jordi-llibre-i-rosa-768x447.png 768w, https:\/\/agora.xtec.cat\/ceiplajota\/wp-content\/uploads\/usu1571\/2021\/04\/Sant-Jordi-llibre-i-rosa.png 1018w\" sizes=\"auto, (max-width: 196px) 100vw, 196px\" \/><\/a><\/p>\n<p><strong>. <a href=\"https:\/\/photos.app.goo.gl\/6YxCqVx2X5BiS89e6\" target=\"_blank\" rel=\"noopener noreferrer\">Lectura en veu alta<\/a><\/strong>, activitat en la que les fam\u00edlies volunt\u00e0ries han vingut a llegir per als nens i nenes al pati de l\u2019escola. Aquest Sant Jordi 9 mares ens han vingut a fer lectures de poemes o contes. Moltes gr\u00e0cies a la Gl\u00f2ria mare de 2nA, a la Cec\u00edlia mare de 2nA,\u00a0 a la Ver\u00f3nica mare de P3A i 3rC, a la Isabel mare de 5\u00e8A, a la Virg\u00ednia mare de 1rB, a la Priscila mare de P4B, 4tB i 6\u00e8B, a la Magn\u00f2lia mare de 5\u00e8A, a la Isabel mare de 1rB i de 3rB i a la Jessica mare de 3rC.<\/p>\n<p><strong>. <a href=\"https:\/\/photos.app.goo.gl\/1gD971qNvUHzjdux6\" target=\"_blank\" rel=\"noopener noreferrer\">Premis del Concurs Literari de Sant Jordi de l\u2019Ajuntament de Badia del Vall\u00e8s<\/a><\/strong>. L\u2019alcaldessa, la Sra. Eva Menor, la regidora d&#8217;educaci\u00f3, la Sra. Maria Jos\u00e9 Infante, la t\u00e8cnica de cultura , la Sra. Nuria Mahugo i la t\u00e8cnica d&#8217;inf\u00e0ncia i educaci\u00f3, la Sra. Sandra G\u00f3mez, han entregat els premis als nens i nenes de prim\u00e0ria guanyadors del concurs literari. Ens ha agradat molt que vinguessin a l&#8217;escola, ha esta una estona molt bonica! Nens i nenes de cicle mitj\u00e0 els han preparat uns detalls molt bonics com a record de l&#8217;acte, uns punts de llibre i un poema.<\/p>\n<p><strong>. Lliurament dels<\/strong>\u00a0<strong>llibres, roses i diplomes per a les classes i per als treballs seleccionats. <\/strong>Els <a href=\"https:\/\/photos.app.goo.gl\/45hzd1V77Mzcz24x8\" target=\"_blank\" rel=\"noopener noreferrer\">grups d&#8217;infantil<\/a> i <a href=\"https:\/\/photos.app.goo.gl\/TgxpgT9c5h9z22Hw8\" target=\"_blank\" rel=\"noopener noreferrer\">cicle inicial<\/a> han rebut un lot de llibres i una rosa per a la classe. Els nens i nenes de <a href=\"https:\/\/photos.app.goo.gl\/jSZHEJgTX8d69c1c9\" target=\"_blank\" rel=\"noopener noreferrer\">cicle mitj\u00e0<\/a> i de <a href=\"https:\/\/photos.app.goo.gl\/NR5QUXkNjT9oSBBG6\" target=\"_blank\" rel=\"noopener noreferrer\">cicle superior<\/a> han assistit al lliurament de premis als treballs seleccionats de cada classe. Cada infant seleccionat ha rebut un llibre i una rosa.<\/p>\n<p><strong>. L&#8217;AMPA<\/strong> organitza la <a href=\"https:\/\/photos.app.goo.gl\/kJ2ifKJ1TSdTLPbx9\" target=\"_blank\" rel=\"noopener noreferrer\"><strong>paradeta de llibres <\/strong><\/a>amb un bon lot de llibres per la biblioteca d&#8217;aula de cada classe.<\/p>\n<p>Animem a tots els nens i nenes de l&#8217;Escola La Jota a continuar amb la lectura.<\/p>\n<p><a href=\"https:\/\/agora.xtec.cat\/ceiplajota\/wp-content\/uploads\/usu1571\/2021\/04\/de-lectura.png\"><img loading=\"lazy\" decoding=\"async\" class=\"aligncenter wp-image-3806\" src=\"https:\/\/agora.xtec.cat\/ceiplajota\/wp-content\/uploads\/usu1571\/2021\/04\/de-lectura-300x189.png\" alt=\"\" width=\"341\" height=\"215\" srcset=\"https:\/\/agora.xtec.cat\/ceiplajota\/wp-content\/uploads\/usu1571\/2021\/04\/de-lectura-300x189.png 300w, https:\/\/agora.xtec.cat\/ceiplajota\/wp-content\/uploads\/usu1571\/2021\/04\/de-lectura.png 512w\" sizes=\"auto, (max-width: 341px) 100vw, 341px\" \/><\/a><\/p>\n<p>&nbsp;<\/p>\n","protected":false},"excerpt":{"rendered":"<p>Aquest ha estat un Sant Jordi molt esperat, ten\u00edem moltes ganes de gaudir de la Diada a l&#8217;escola i ho hem pogut fer.<br \/>\n<a href=\"https:\/\/agora.xtec.cat\/ceiplajota\/wp-content\/uploads\/usu1571\/2021\/04\/Sant-Jordi-llibre-i-rosa.png\"><\/a><br \/>\n. <a href=\"https:\/\/photos.app.goo.gl\/6YxCqVx2X5BiS89e6\" target=\"_blank\" rel=\"noopener noreferrer\">Lectura en veu alta<\/a>, activitat en la que les fam\u00edlies volunt\u00e0ries han vingut a llegir per als&hellip;  <a href=\"https:\/\/agora.xtec.cat\/ceiplajota\/general\/sant-jordi-2021\/\" title=\"Read SANT JORDI 2021\">Llegeix m\u00e9s\u00bb<\/a><\/p>\n","protected":false},"author":1,"featured_media":3807,"comment_status":"open","ping_status":"closed","sticky":false,"template":"","format":"standard","meta":{"_bbp_topic_count":0,"_bbp_reply_count":0,"_bbp_total_topic_count":0,"_bbp_total_reply_count":0,"_bbp_voice_count":0,"_bbp_anonymous_reply_count":0,"_bbp_topic_count_hidden":0,"_bbp_reply_count_hidden":0,"_bbp_forum_subforum_count":0,"footnotes":""},"categories":[1],"tags":[],"class_list":["post-3800","post","type-post","status-publish","format-standard","has-post-thumbnail","hentry","category-general"],"post_mailing_queue_ids":[],"_links":{"self":[{"href":"https:\/\/agora.xtec.cat\/ceiplajota\/wp-json\/wp\/v2\/posts\/3800","targetHints":{"allow":["GET"]}}],"collection":[{"href":"https:\/\/agora.xtec.cat\/ceiplajota\/wp-json\/wp\/v2\/posts"}],"about":[{"href":"https:\/\/agora.xtec.cat\/ceiplajota\/wp-json\/wp\/v2\/types\/post"}],"author":[{"embeddable":true,"href":"https:\/\/agora.xtec.cat\/ceiplajota\/wp-json\/wp\/v2\/users\/1"}],"replies":[{"embeddable":true,"href":"https:\/\/agora.xtec.cat\/ceiplajota\/wp-json\/wp\/v2\/comments?post=3800"}],"version-history":[{"count":4,"href":"https:\/\/agora.xtec.cat\/ceiplajota\/wp-json\/wp\/v2\/posts\/3800\/revisions"}],"predecessor-version":[{"id":3818,"href":"https:\/\/agora.xtec.cat\/ceiplajota\/wp-json\/wp\/v2\/posts\/3800\/revisions\/3818"}],"wp:featuredmedia":[{"embeddable":true,"href":"https:\/\/agora.xtec.cat\/ceiplajota\/wp-json\/wp\/v2\/media\/3807"}],"wp:attachment":[{"href":"https:\/\/agora.xtec.cat\/ceiplajota\/wp-json\/wp\/v2\/media?parent=3800"}],"wp:term":[{"taxonomy":"category","embeddable":true,"href":"https:\/\/agora.xtec.cat\/ceiplajota\/wp-json\/wp\/v2\/categories?post=3800"},{"taxonomy":"post_tag","embeddable":true,"href":"https:\/\/agora.xtec.cat\/ceiplajota\/wp-json\/wp\/v2\/tags?post=3800"}],"curies":[{"name":"wp","href":"https:\/\/api.w.org\/{rel}","templated":true}]}}