{"id":3783,"date":"2021-04-24T16:08:49","date_gmt":"2021-04-24T14:08:49","guid":{"rendered":"https:\/\/agora.xtec.cat\/ceiplajota\/?p=3783"},"modified":"2021-04-25T19:01:31","modified_gmt":"2021-04-25T17:01:31","slug":"espressem-les-nostres-opinions","status":"publish","type":"post","link":"https:\/\/agora.xtec.cat\/ceiplajota\/primaria\/3r\/espressem-les-nostres-opinions\/","title":{"rendered":"ESPRESSEM LES NOSTRES OPINIONS"},"content":{"rendered":"<p>Bon dia fam\u00edlies!<\/p>\n<p style=\"margin: 0cm;margin-bottom: .0001pt;text-align: justify\"><span style=\"font-family: 'Arial','sans-serif';color: #666666\">Els nens i nenes de l&#8217;escola, des de l&#8217;inici de curs, seguint les instruccions del Departament de Salut i d\u2019Educaci\u00f3, seien a la classe de forma individual i en fileres. Arribat el final del segon trimestre i comen\u00e7ant el tercer, els alumnes de 3rB es preguntaven, per qu\u00e8, tot i seguir la normativa en relaci\u00f3 amb la Covid, no podien seure en parelles o grups de tres.<\/span><\/p>\n<p style=\"margin: 0cm;margin-bottom: .0001pt;text-align: justify\"><span style=\"font-family: 'Arial','sans-serif';color: #666666\">Com que tota la classe estava d&#8217;acord en aquesta q\u00fcesti\u00f3 i hi havia v\u00e0ries preguntes al respecte, es van posar en marxa i van escriure una carta a la directora demanant si us plau, si podien seure junts.<\/span><\/p>\n<p style=\"margin: 0cm;margin-bottom: .0001pt;text-align: justify\"><span style=\"font-family: 'Arial','sans-serif';color: #666666\">Amb aquesta activitat es va treballar la cooperaci\u00f3, la presa de decisions de forma conjunta i l\u2019expressi\u00f3 escrita (fer una carta).\u00a0<\/span><\/p>\n<p style=\"margin: 0cm;margin-bottom: .0001pt;text-align: justify\"><span style=\"font-family: 'Arial','sans-serif';color: #666666\">Tamb\u00e9 es va tractar el fet que a l&#8217;escola hi ha unes normes de conviv\u00e8ncia, com a qualsevol comunitat. Aquestes a vegades es poden decidir dins del grup, per\u00f2 de vegades v\u00e9nen donades per alg\u00fa altre. Per aquest motiu, abans de prendre cap decisi\u00f3, van voler preguntar si era possible o no fer aquest canvi.<\/span><\/p>\n<p style=\"margin: 0cm;margin-bottom: .0001pt;text-align: justify\"><span style=\"font-family: 'Arial','sans-serif';color: #666666\">La directora, despr\u00e9s de consultar-ho amb el Departament, va respondre i finalment vam poder seure junts, tots i totes es van posar molt contents quan van rebre la carta de resposta.<\/span><\/p>\n<p>&nbsp;<\/p>\n<p><img loading=\"lazy\" decoding=\"async\" class=\"alignnone wp-image-3792 aligncenter\" src=\"https:\/\/agora.xtec.cat\/ceiplajota\/wp-content\/uploads\/usu1571\/2021\/04\/qqq-300x191.jpg\" alt=\"\" width=\"415\" height=\"264\" srcset=\"https:\/\/agora.xtec.cat\/ceiplajota\/wp-content\/uploads\/usu1571\/2021\/04\/qqq-300x191.jpg 300w, https:\/\/agora.xtec.cat\/ceiplajota\/wp-content\/uploads\/usu1571\/2021\/04\/qqq-768x489.jpg 768w, https:\/\/agora.xtec.cat\/ceiplajota\/wp-content\/uploads\/usu1571\/2021\/04\/qqq-1024x651.jpg 1024w, https:\/\/agora.xtec.cat\/ceiplajota\/wp-content\/uploads\/usu1571\/2021\/04\/qqq.jpg 1231w\" sizes=\"auto, (max-width: 415px) 100vw, 415px\" \/><\/p>\n<p><img loading=\"lazy\" decoding=\"async\" class=\" wp-image-3790 aligncenter\" src=\"https:\/\/agora.xtec.cat\/ceiplajota\/wp-content\/uploads\/usu1571\/2021\/04\/IMG_20210421_104401-300x225.jpg\" alt=\"\" width=\"420\" height=\"315\" srcset=\"https:\/\/agora.xtec.cat\/ceiplajota\/wp-content\/uploads\/usu1571\/2021\/04\/IMG_20210421_104401-300x225.jpg 300w, https:\/\/agora.xtec.cat\/ceiplajota\/wp-content\/uploads\/usu1571\/2021\/04\/IMG_20210421_104401-768x576.jpg 768w, https:\/\/agora.xtec.cat\/ceiplajota\/wp-content\/uploads\/usu1571\/2021\/04\/IMG_20210421_104401-1024x768.jpg 1024w, https:\/\/agora.xtec.cat\/ceiplajota\/wp-content\/uploads\/usu1571\/2021\/04\/IMG_20210421_104401-200x150.jpg 200w\" sizes=\"auto, (max-width: 420px) 100vw, 420px\" \/><\/p>\n<p style=\"text-align: center\"><a href=\"https:\/\/agora.xtec.cat\/ceiplajota\/wp-content\/uploads\/usu1571\/2021\/04\/qqq.jpg\">\u00a0 \u00a0 \u00a0 \u00a0 \u00a0 \u00a0 \u00a0 \u00a0 \u00a0 \u00a0\u00a0<\/a><\/p>\n","protected":false},"excerpt":{"rendered":"<p>Bon dia fam\u00edlies!<br \/>\nEls nens i nenes de l&#8217;escola, des de l&#8217;inici de curs, seguint les instruccions del Departament de Salut i d\u2019Educaci\u00f3, seien a la classe de forma individual i en fileres. Arribat el final del segon trimestre i comen\u00e7ant el tercer, els alumnes de&hellip;  <a href=\"https:\/\/agora.xtec.cat\/ceiplajota\/primaria\/3r\/espressem-les-nostres-opinions\/\" title=\"Read ESPRESSEM LES NOSTRES OPINIONS\">Llegeix m\u00e9s\u00bb<\/a><\/p>\n","protected":false},"author":22,"featured_media":3784,"comment_status":"open","ping_status":"closed","sticky":false,"template":"","format":"standard","meta":{"_bbp_topic_count":0,"_bbp_reply_count":0,"_bbp_total_topic_count":0,"_bbp_total_reply_count":0,"_bbp_voice_count":0,"_bbp_anonymous_reply_count":0,"_bbp_topic_count_hidden":0,"_bbp_reply_count_hidden":0,"_bbp_forum_subforum_count":0,"footnotes":""},"categories":[12],"tags":[],"class_list":["post-3783","post","type-post","status-publish","format-standard","has-post-thumbnail","hentry","category-3r"],"post_mailing_queue_ids":[],"_links":{"self":[{"href":"https:\/\/agora.xtec.cat\/ceiplajota\/wp-json\/wp\/v2\/posts\/3783","targetHints":{"allow":["GET"]}}],"collection":[{"href":"https:\/\/agora.xtec.cat\/ceiplajota\/wp-json\/wp\/v2\/posts"}],"about":[{"href":"https:\/\/agora.xtec.cat\/ceiplajota\/wp-json\/wp\/v2\/types\/post"}],"author":[{"embeddable":true,"href":"https:\/\/agora.xtec.cat\/ceiplajota\/wp-json\/wp\/v2\/users\/22"}],"replies":[{"embeddable":true,"href":"https:\/\/agora.xtec.cat\/ceiplajota\/wp-json\/wp\/v2\/comments?post=3783"}],"version-history":[{"count":3,"href":"https:\/\/agora.xtec.cat\/ceiplajota\/wp-json\/wp\/v2\/posts\/3783\/revisions"}],"predecessor-version":[{"id":3791,"href":"https:\/\/agora.xtec.cat\/ceiplajota\/wp-json\/wp\/v2\/posts\/3783\/revisions\/3791"}],"wp:featuredmedia":[{"embeddable":true,"href":"https:\/\/agora.xtec.cat\/ceiplajota\/wp-json\/wp\/v2\/media\/3784"}],"wp:attachment":[{"href":"https:\/\/agora.xtec.cat\/ceiplajota\/wp-json\/wp\/v2\/media?parent=3783"}],"wp:term":[{"taxonomy":"category","embeddable":true,"href":"https:\/\/agora.xtec.cat\/ceiplajota\/wp-json\/wp\/v2\/categories?post=3783"},{"taxonomy":"post_tag","embeddable":true,"href":"https:\/\/agora.xtec.cat\/ceiplajota\/wp-json\/wp\/v2\/tags?post=3783"}],"curies":[{"name":"wp","href":"https:\/\/api.w.org\/{rel}","templated":true}]}}