{"id":3774,"date":"2021-04-14T09:13:46","date_gmt":"2021-04-14T07:13:46","guid":{"rendered":"https:\/\/agora.xtec.cat\/ceiplajota\/?p=3774"},"modified":"2021-04-15T06:23:31","modified_gmt":"2021-04-15T04:23:31","slug":"nou-portal-tematic-per-a-la-tria-destudis","status":"publish","type":"post","link":"https:\/\/agora.xtec.cat\/ceiplajota\/general\/nou-portal-tematic-per-a-la-tria-destudis\/","title":{"rendered":"Nou portal tem\u00e0tic per a la tria d&#8217;estudis"},"content":{"rendered":"<p><strong><a href=\"https:\/\/agora.xtec.cat\/ceiplajota\/wp-content\/uploads\/usu1571\/2021\/04\/Nou-portal-departament.png\"><img loading=\"lazy\" decoding=\"async\" class=\"aligncenter wp-image-3775 size-full\" src=\"https:\/\/agora.xtec.cat\/ceiplajota\/wp-content\/uploads\/usu1571\/2021\/04\/Nou-portal-departament.png\" alt=\"\" width=\"1102\" height=\"140\" srcset=\"https:\/\/agora.xtec.cat\/ceiplajota\/wp-content\/uploads\/usu1571\/2021\/04\/Nou-portal-departament.png 1102w, https:\/\/agora.xtec.cat\/ceiplajota\/wp-content\/uploads\/usu1571\/2021\/04\/Nou-portal-departament-300x38.png 300w, https:\/\/agora.xtec.cat\/ceiplajota\/wp-content\/uploads\/usu1571\/2021\/04\/Nou-portal-departament-768x98.png 768w, https:\/\/agora.xtec.cat\/ceiplajota\/wp-content\/uploads\/usu1571\/2021\/04\/Nou-portal-departament-1024x130.png 1024w\" sizes=\"auto, (max-width: 1102px) 100vw, 1102px\" \/><\/a><\/strong><strong>El Departament d\u2019Educaci\u00f3 posa en marxa el nou web tem\u00e0tic\u00a0<\/strong><a tabindex=\"-1\" title=\"http:\/\/triaeducativa.gencat.cat\/\" href=\"http:\/\/triaeducativa.gencat.cat\/\" target=\"_blank\" rel=\"noreferrer noopener\"><strong>triaeducativa.gencat.cat<\/strong><\/a><strong>,<\/strong>\u00a0que neix amb un objectiu principal:\u00a0<strong>oferir informaci\u00f3 de qualitat i actualitzada als nois i noies que acaben l\u2019ESO i han de decidir quina formaci\u00f3 s\u2019ajusta m\u00e9s als seus interessos i a la posterior sortida laboral.<\/strong><\/p>\n<p>Aquest nou portal tem\u00e0tic veu la llum en el context de pand\u00e8mia per la covid-19, que per segon any consecutiu impedeix la participaci\u00f3 del Departament en un esdeveniment presencial tan vinculat al suport i l\u2019acompanyament als i a les joves com \u00e9s el Sal\u00f3 de l\u2019Ensenyament, i que parteix de la feina feta l\u2019any passat amb el web\u00a0<strong>Al teu costat en la tria educativa<\/strong>, que \u00e9s la llavor d\u2019aquest projecte m\u00e9s ambici\u00f3s que actualment el Departament publica.<\/p>\n<p>El nou web \u00e9s responsiu i, per tant, es pot consultar des de qualsevol dispositiu m\u00f2bil. Inclou les fitxes actualitzades de tots els estudis, d\u2019acord amb els canvis introdu\u00efts arran de la nova llei d\u2019Educaci\u00f3 (LOMLOE). A m\u00e9s, hi ha v\u00eddeos explicatius sobre els diferents estudis, podcasts diversos, un desplegable descarregable amb tota la informaci\u00f3 sintetitzada sobre l\u2019oferta formativa, i molts altres materials. El men\u00fa superior incorpora un bot\u00f3 de traducci\u00f3 autom\u00e0tica que facilita la navegaci\u00f3 per tot el web en catal\u00e0, castell\u00e0, occit\u00e0-aran\u00e8s, angl\u00e8s, franc\u00e8s, itali\u00e0, portugu\u00e8s, alemany, rus, urd\u00fa, \u00e0rab i xin\u00e8s.<\/p>\n<p>Fins ara tota aquesta informaci\u00f3 estava integrada en el web\u00a0<a tabindex=\"-1\" title=\"http:\/\/queestudiar.gencat.cat\/\" href=\"http:\/\/queestudiar.gencat.cat\/\" target=\"_blank\" rel=\"noreferrer noopener\">Estudiar a Catalunya<\/a>, que est\u00e0 en proc\u00e9s de redisseny i reconceptualitzaci\u00f3 total per al primer trimestre de 2022. Les aplicacions incloses en aquest portal (mapa escolar, q\u00fcestionari d\u2019orientaci\u00f3, cercador d\u2019estudis&#8230;) tamb\u00e9 caldr\u00e0 actualitzar-les d\u2019acord amb els requeriments tecnol\u00f2gics necessaris perqu\u00e8 es puguin integrar en nous entorns.<\/p>\n<p>Consulta el nou portal, \u00e9s molt interessant!!!<\/p>\n","protected":false},"excerpt":{"rendered":"<p><a href=\"https:\/\/agora.xtec.cat\/ceiplajota\/wp-content\/uploads\/usu1571\/2021\/04\/Nou-portal-departament.png\"><\/a>El Departament d\u2019Educaci\u00f3 posa en marxa el nou web tem\u00e0tic\u00a0<a tabindex=\"-1\" title=\"http:\/\/triaeducativa.gencat.cat\/\" href=\"http:\/\/triaeducativa.gencat.cat\/\" target=\"_blank\" rel=\"noreferrer noopener\">triaeducativa.gencat.cat<\/a>,\u00a0que neix amb un objectiu principal:\u00a0oferir informaci\u00f3 de qualitat i actualitzada als nois i noies que acaben l\u2019ESO i han de decidir quina formaci\u00f3 s\u2019ajusta m\u00e9s als seus interessos&hellip;  <a href=\"https:\/\/agora.xtec.cat\/ceiplajota\/general\/nou-portal-tematic-per-a-la-tria-destudis\/\" title=\"Read Nou portal tem\u00e0tic per a la tria d&#8217;estudis\">Llegeix m\u00e9s\u00bb<\/a><\/p>\n","protected":false},"author":1,"featured_media":3775,"comment_status":"open","ping_status":"closed","sticky":false,"template":"","format":"standard","meta":{"_bbp_topic_count":0,"_bbp_reply_count":0,"_bbp_total_topic_count":0,"_bbp_total_reply_count":0,"_bbp_voice_count":0,"_bbp_anonymous_reply_count":0,"_bbp_topic_count_hidden":0,"_bbp_reply_count_hidden":0,"_bbp_forum_subforum_count":0,"footnotes":""},"categories":[1],"tags":[],"class_list":["post-3774","post","type-post","status-publish","format-standard","has-post-thumbnail","hentry","category-general"],"post_mailing_queue_ids":[],"_links":{"self":[{"href":"https:\/\/agora.xtec.cat\/ceiplajota\/wp-json\/wp\/v2\/posts\/3774","targetHints":{"allow":["GET"]}}],"collection":[{"href":"https:\/\/agora.xtec.cat\/ceiplajota\/wp-json\/wp\/v2\/posts"}],"about":[{"href":"https:\/\/agora.xtec.cat\/ceiplajota\/wp-json\/wp\/v2\/types\/post"}],"author":[{"embeddable":true,"href":"https:\/\/agora.xtec.cat\/ceiplajota\/wp-json\/wp\/v2\/users\/1"}],"replies":[{"embeddable":true,"href":"https:\/\/agora.xtec.cat\/ceiplajota\/wp-json\/wp\/v2\/comments?post=3774"}],"version-history":[{"count":2,"href":"https:\/\/agora.xtec.cat\/ceiplajota\/wp-json\/wp\/v2\/posts\/3774\/revisions"}],"predecessor-version":[{"id":3777,"href":"https:\/\/agora.xtec.cat\/ceiplajota\/wp-json\/wp\/v2\/posts\/3774\/revisions\/3777"}],"wp:featuredmedia":[{"embeddable":true,"href":"https:\/\/agora.xtec.cat\/ceiplajota\/wp-json\/wp\/v2\/media\/3775"}],"wp:attachment":[{"href":"https:\/\/agora.xtec.cat\/ceiplajota\/wp-json\/wp\/v2\/media?parent=3774"}],"wp:term":[{"taxonomy":"category","embeddable":true,"href":"https:\/\/agora.xtec.cat\/ceiplajota\/wp-json\/wp\/v2\/categories?post=3774"},{"taxonomy":"post_tag","embeddable":true,"href":"https:\/\/agora.xtec.cat\/ceiplajota\/wp-json\/wp\/v2\/tags?post=3774"}],"curies":[{"name":"wp","href":"https:\/\/api.w.org\/{rel}","templated":true}]}}