{"id":3737,"date":"2021-03-27T20:29:41","date_gmt":"2021-03-27T19:29:41","guid":{"rendered":"https:\/\/agora.xtec.cat\/ceiplajota\/?p=3737"},"modified":"2021-04-05T23:58:28","modified_gmt":"2021-04-05T21:58:28","slug":"jornada-de-jocs-avac","status":"publish","type":"post","link":"https:\/\/agora.xtec.cat\/ceiplajota\/general\/jornada-de-jocs-avac\/","title":{"rendered":"JORNADA DE JOCS AVAC"},"content":{"rendered":"<p><a href=\"https:\/\/agora.xtec.cat\/ceiplajota\/wp-content\/uploads\/usu1571\/2021\/04\/una-xapa.png\"><img loading=\"lazy\" decoding=\"async\" class=\"wp-image-3739 alignleft\" src=\"https:\/\/agora.xtec.cat\/ceiplajota\/wp-content\/uploads\/usu1571\/2021\/04\/una-xapa.png\" alt=\"\" width=\"164\" height=\"159\" \/><\/a><\/p>\n<p><strong>Divendres 26 de mar\u00e7<\/strong> hem celebrat la <strong><span style=\"color: #00ff00;\">JORNADA DE JOCS AVAC 2021<\/span><\/strong>. Hem fet un munt de jocs que pares i mares ens han preparat. No podia faltar el ball final, aquest any al pati i per grups bombolla. Hem gaudit molt de la jornada!!! <strong><span style=\"color: #ff0000;\">Gr\u00e0cies fam\u00edlies per la vostra col\u00b7laboraci\u00f3.<\/span><\/strong><\/p>\n<p>Si en vols veure les imatges, clica a:<\/p>\n<p><a href=\"https:\/\/photos.app.goo.gl\/QMEsfiQ74aVHRJRc8\" target=\"_blank\" rel=\"noopener noreferrer\"><strong><span style=\"color: #0000ff;\"> AVAC 20-21 Educaci\u00f3 Infantil<\/span><\/strong><\/a> \u00a0<a href=\"https:\/\/photos.app.goo.gl\/PtPWeG5VvxD7Dkx48\" target=\"_blank\" rel=\"noopener noreferrer\"><strong><span style=\"color: #ff6600;\">AVAC 20-21 Cicle Inicial<\/span><\/strong><\/a>\u00a0 <a href=\"https:\/\/photos.app.goo.gl\/mxMeMBBib2A6epmQ6\" target=\"_blank\" rel=\"noopener noreferrer\"><strong><span style=\"color: #ffff00;\">AVAC 20-21 Cicle Mitj\u00e0<\/span><\/strong><\/a>\u00a0 <a href=\"https:\/\/photos.app.goo.gl\/Mt3Ap5xqywrJA41E6\" target=\"_blank\" rel=\"noopener noreferrer\"><strong><span style=\"color: #00ff00;\">AVAC 20-21 Cicle Superior<\/span><\/strong><\/a><\/p>\n<p>Si vols m\u00e9s informaci\u00f3 sobre AVAC pots anar al men\u00fa, dins Projectes Educatius hi trobar\u00e0s l&#8217;apartat AVAC. <a href=\"https:\/\/agora.xtec.cat\/ceiplajota\/projecte-educatiu\/projectes-de-lescola\/avac\/\"><img loading=\"lazy\" decoding=\"async\" class=\"aligncenter wp-image-3745 size-full\" src=\"https:\/\/agora.xtec.cat\/ceiplajota\/wp-content\/uploads\/usu1571\/2021\/03\/Bot\u00f3-men\u00fa.png\" alt=\"\" width=\"52\" height=\"52\" \/><\/a><\/p>\n","protected":false},"excerpt":{"rendered":"<p><a href=\"https:\/\/agora.xtec.cat\/ceiplajota\/wp-content\/uploads\/usu1571\/2021\/04\/una-xapa.png\"><\/a><br \/>\nDivendres 26 de mar\u00e7 hem celebrat la JORNADA DE JOCS AVAC 2021. Hem fet un munt de jocs que pares i mares ens han preparat. No podia faltar el ball final, aquest any al pati i per grups bombolla. Hem gaudit molt de la&hellip;  <a href=\"https:\/\/agora.xtec.cat\/ceiplajota\/general\/jornada-de-jocs-avac\/\" title=\"Read JORNADA DE JOCS AVAC\">Llegeix m\u00e9s\u00bb<\/a><\/p>\n","protected":false},"author":1,"featured_media":3739,"comment_status":"open","ping_status":"closed","sticky":false,"template":"","format":"standard","meta":{"_bbp_topic_count":0,"_bbp_reply_count":0,"_bbp_total_topic_count":0,"_bbp_total_reply_count":0,"_bbp_voice_count":0,"_bbp_anonymous_reply_count":0,"_bbp_topic_count_hidden":0,"_bbp_reply_count_hidden":0,"_bbp_forum_subforum_count":0,"footnotes":""},"categories":[1],"tags":[],"class_list":["post-3737","post","type-post","status-publish","format-standard","has-post-thumbnail","hentry","category-general"],"post_mailing_queue_ids":[],"_links":{"self":[{"href":"https:\/\/agora.xtec.cat\/ceiplajota\/wp-json\/wp\/v2\/posts\/3737","targetHints":{"allow":["GET"]}}],"collection":[{"href":"https:\/\/agora.xtec.cat\/ceiplajota\/wp-json\/wp\/v2\/posts"}],"about":[{"href":"https:\/\/agora.xtec.cat\/ceiplajota\/wp-json\/wp\/v2\/types\/post"}],"author":[{"embeddable":true,"href":"https:\/\/agora.xtec.cat\/ceiplajota\/wp-json\/wp\/v2\/users\/1"}],"replies":[{"embeddable":true,"href":"https:\/\/agora.xtec.cat\/ceiplajota\/wp-json\/wp\/v2\/comments?post=3737"}],"version-history":[{"count":4,"href":"https:\/\/agora.xtec.cat\/ceiplajota\/wp-json\/wp\/v2\/posts\/3737\/revisions"}],"predecessor-version":[{"id":3747,"href":"https:\/\/agora.xtec.cat\/ceiplajota\/wp-json\/wp\/v2\/posts\/3737\/revisions\/3747"}],"wp:featuredmedia":[{"embeddable":true,"href":"https:\/\/agora.xtec.cat\/ceiplajota\/wp-json\/wp\/v2\/media\/3739"}],"wp:attachment":[{"href":"https:\/\/agora.xtec.cat\/ceiplajota\/wp-json\/wp\/v2\/media?parent=3737"}],"wp:term":[{"taxonomy":"category","embeddable":true,"href":"https:\/\/agora.xtec.cat\/ceiplajota\/wp-json\/wp\/v2\/categories?post=3737"},{"taxonomy":"post_tag","embeddable":true,"href":"https:\/\/agora.xtec.cat\/ceiplajota\/wp-json\/wp\/v2\/tags?post=3737"}],"curies":[{"name":"wp","href":"https:\/\/api.w.org\/{rel}","templated":true}]}}