{"id":3694,"date":"2021-03-25T19:49:37","date_gmt":"2021-03-25T18:49:37","guid":{"rendered":"https:\/\/agora.xtec.cat\/ceiplajota\/?p=3694"},"modified":"2021-03-25T19:53:52","modified_gmt":"2021-03-25T18:53:52","slug":"sortida-a-la-granja-escola-can-pere","status":"publish","type":"post","link":"https:\/\/agora.xtec.cat\/ceiplajota\/general\/sortida-a-la-granja-escola-can-pere\/","title":{"rendered":"SORTIDA A LA GRANJA ESCOLA CAN PERE"},"content":{"rendered":"<p>El passat 23 de mar\u00e7 els alumnes de 5\u00e8 vam anar a la granja escola CAN PERE per realitzar el taller D&#8217;APICULTURA. Vam poder con\u00e8ixer el m\u00f3n de les abelles, les seves caracter\u00edstiques, la seva organitzaci\u00f3, les diferents tasques que realitzen &#8230; Amb la vestimenta adient d&#8217;apicultor vam poder con\u00e8ixer tots aquests aspectes d&#8217;una forma completament directa i apropar-nos al rusc per veure les abelles en el seu habitat natural.<\/p>\n<p>FENT CLIC A L&#8217;IMATGE\u00a0 PODREU VEURE LES FOTOGRAFIES DE LA SORTIDA<\/p>\n<p><a href=\"https:\/\/photos.app.goo.gl\/2Rtx6aMNRNRNdwNaA\"><img loading=\"lazy\" decoding=\"async\" class=\"wp-image-3695 aligncenter\" src=\"https:\/\/agora.xtec.cat\/ceiplajota\/wp-content\/uploads\/usu1571\/2021\/03\/ABEJA-1024x576.jpg\" alt=\"\" width=\"423\" height=\"238\" srcset=\"https:\/\/agora.xtec.cat\/ceiplajota\/wp-content\/uploads\/usu1571\/2021\/03\/ABEJA-1024x576.jpg 1024w, https:\/\/agora.xtec.cat\/ceiplajota\/wp-content\/uploads\/usu1571\/2021\/03\/ABEJA-300x169.jpg 300w, https:\/\/agora.xtec.cat\/ceiplajota\/wp-content\/uploads\/usu1571\/2021\/03\/ABEJA-768x432.jpg 768w, https:\/\/agora.xtec.cat\/ceiplajota\/wp-content\/uploads\/usu1571\/2021\/03\/ABEJA.jpg 1080w\" sizes=\"auto, (max-width: 423px) 100vw, 423px\" \/><\/a><\/p>\n","protected":false},"excerpt":{"rendered":"<p>El passat 23 de mar\u00e7 els alumnes de 5\u00e8 vam realitzar un taller D&#8217;APICULTURA.&hellip;  <a href=\"https:\/\/agora.xtec.cat\/ceiplajota\/general\/sortida-a-la-granja-escola-can-pere\/\" title=\"Read SORTIDA A LA GRANJA ESCOLA CAN PERE\">Llegeix m\u00e9s\u00bb<\/a><\/p>\n","protected":false},"author":3,"featured_media":3695,"comment_status":"open","ping_status":"closed","sticky":false,"template":"","format":"standard","meta":{"_bbp_topic_count":0,"_bbp_reply_count":0,"_bbp_total_topic_count":0,"_bbp_total_reply_count":0,"_bbp_voice_count":0,"_bbp_anonymous_reply_count":0,"_bbp_topic_count_hidden":0,"_bbp_reply_count_hidden":0,"_bbp_forum_subforum_count":0,"footnotes":""},"categories":[14,1,5],"tags":[],"class_list":["post-3694","post","type-post","status-publish","format-standard","has-post-thumbnail","hentry","category-5e","category-general","category-primaria"],"post_mailing_queue_ids":[],"_links":{"self":[{"href":"https:\/\/agora.xtec.cat\/ceiplajota\/wp-json\/wp\/v2\/posts\/3694","targetHints":{"allow":["GET"]}}],"collection":[{"href":"https:\/\/agora.xtec.cat\/ceiplajota\/wp-json\/wp\/v2\/posts"}],"about":[{"href":"https:\/\/agora.xtec.cat\/ceiplajota\/wp-json\/wp\/v2\/types\/post"}],"author":[{"embeddable":true,"href":"https:\/\/agora.xtec.cat\/ceiplajota\/wp-json\/wp\/v2\/users\/3"}],"replies":[{"embeddable":true,"href":"https:\/\/agora.xtec.cat\/ceiplajota\/wp-json\/wp\/v2\/comments?post=3694"}],"version-history":[{"count":2,"href":"https:\/\/agora.xtec.cat\/ceiplajota\/wp-json\/wp\/v2\/posts\/3694\/revisions"}],"predecessor-version":[{"id":3697,"href":"https:\/\/agora.xtec.cat\/ceiplajota\/wp-json\/wp\/v2\/posts\/3694\/revisions\/3697"}],"wp:featuredmedia":[{"embeddable":true,"href":"https:\/\/agora.xtec.cat\/ceiplajota\/wp-json\/wp\/v2\/media\/3695"}],"wp:attachment":[{"href":"https:\/\/agora.xtec.cat\/ceiplajota\/wp-json\/wp\/v2\/media?parent=3694"}],"wp:term":[{"taxonomy":"category","embeddable":true,"href":"https:\/\/agora.xtec.cat\/ceiplajota\/wp-json\/wp\/v2\/categories?post=3694"},{"taxonomy":"post_tag","embeddable":true,"href":"https:\/\/agora.xtec.cat\/ceiplajota\/wp-json\/wp\/v2\/tags?post=3694"}],"curies":[{"name":"wp","href":"https:\/\/api.w.org\/{rel}","templated":true}]}}