{"id":3688,"date":"2021-03-25T18:51:40","date_gmt":"2021-03-25T17:51:40","guid":{"rendered":"https:\/\/agora.xtec.cat\/ceiplajota\/?p=3688"},"modified":"2021-03-27T12:23:13","modified_gmt":"2021-03-27T11:23:13","slug":"coneixem-els-nostres-parcs-fontmartina-montseny","status":"publish","type":"post","link":"https:\/\/agora.xtec.cat\/ceiplajota\/primaria\/coneixem-els-nostres-parcs-fontmartina-montseny\/","title":{"rendered":"CONEIXEM ELS NOSTRES PARCS: SORTIDA FONTMARTINA (MONTSENY)"},"content":{"rendered":"<p>Ahir 24 de Maig vam gaudir d\u00b4un fant\u00e0stic dia a Fontmartina, al Parc Natural del Montseny. All\u00e0 les i els alumnes de 6\u00e8 vam fer un petit recorregut on tots observarem molts pins, avets, alzines i castanyers, i vam poder agafar alguna castanya i algun gla. Els guies del Parc ens explicaren moltes an\u00e8cdotes i ens resolgueren molts dubtes que ten\u00edem, i tot i que ens quedarem amb les ganes de veure algun animal m\u00e9s ens ho passarem pipa \u00a1!!<\/p>\n<p>Cliqueu la imatge per veure totes les fotos de la sortida.<\/p>\n<p><a href=\"https:\/\/photos.app.goo.gl\/MqdUtujZ5CrbUnrd9\" target=\"_blank\" rel=\"noopener noreferrer\"><img loading=\"lazy\" decoding=\"async\" class=\"alignnone wp-image-3689\" src=\"https:\/\/agora.xtec.cat\/ceiplajota\/wp-content\/uploads\/usu1571\/2021\/03\/Sin-ti\u0301tulo.png\" alt=\"\" width=\"335\" height=\"224\" srcset=\"https:\/\/agora.xtec.cat\/ceiplajota\/wp-content\/uploads\/usu1571\/2021\/03\/Sin-ti\u0301tulo.png 620w, https:\/\/agora.xtec.cat\/ceiplajota\/wp-content\/uploads\/usu1571\/2021\/03\/Sin-ti\u0301tulo-300x200.png 300w\" sizes=\"auto, (max-width: 335px) 100vw, 335px\" \/><\/a><\/p>\n","protected":false},"excerpt":{"rendered":"<p>Ahir 24 de Maig vam gaudir d\u00b4un fant\u00e0stic dia a Fontmartina, al Parc Natural del Montseny. All\u00e0 les i els alumnes de 6\u00e8 vam fer un petit recorregut on tots observarem molts pins, avets, alzines i castanyers, i vam poder agafar alguna castanya i algun&hellip;  <a href=\"https:\/\/agora.xtec.cat\/ceiplajota\/primaria\/coneixem-els-nostres-parcs-fontmartina-montseny\/\" title=\"Read CONEIXEM ELS NOSTRES PARCS: SORTIDA FONTMARTINA (MONTSENY)\">Llegeix m\u00e9s\u00bb<\/a><\/p>\n","protected":false},"author":3,"featured_media":0,"comment_status":"open","ping_status":"closed","sticky":false,"template":"","format":"standard","meta":{"_bbp_topic_count":0,"_bbp_reply_count":0,"_bbp_total_topic_count":0,"_bbp_total_reply_count":0,"_bbp_voice_count":0,"_bbp_anonymous_reply_count":0,"_bbp_topic_count_hidden":0,"_bbp_reply_count_hidden":0,"_bbp_forum_subforum_count":0,"footnotes":""},"categories":[15,5],"tags":[],"class_list":["post-3688","post","type-post","status-publish","format-standard","hentry","category-6e","category-primaria"],"post_mailing_queue_ids":[],"_links":{"self":[{"href":"https:\/\/agora.xtec.cat\/ceiplajota\/wp-json\/wp\/v2\/posts\/3688","targetHints":{"allow":["GET"]}}],"collection":[{"href":"https:\/\/agora.xtec.cat\/ceiplajota\/wp-json\/wp\/v2\/posts"}],"about":[{"href":"https:\/\/agora.xtec.cat\/ceiplajota\/wp-json\/wp\/v2\/types\/post"}],"author":[{"embeddable":true,"href":"https:\/\/agora.xtec.cat\/ceiplajota\/wp-json\/wp\/v2\/users\/3"}],"replies":[{"embeddable":true,"href":"https:\/\/agora.xtec.cat\/ceiplajota\/wp-json\/wp\/v2\/comments?post=3688"}],"version-history":[{"count":3,"href":"https:\/\/agora.xtec.cat\/ceiplajota\/wp-json\/wp\/v2\/posts\/3688\/revisions"}],"predecessor-version":[{"id":3719,"href":"https:\/\/agora.xtec.cat\/ceiplajota\/wp-json\/wp\/v2\/posts\/3688\/revisions\/3719"}],"wp:attachment":[{"href":"https:\/\/agora.xtec.cat\/ceiplajota\/wp-json\/wp\/v2\/media?parent=3688"}],"wp:term":[{"taxonomy":"category","embeddable":true,"href":"https:\/\/agora.xtec.cat\/ceiplajota\/wp-json\/wp\/v2\/categories?post=3688"},{"taxonomy":"post_tag","embeddable":true,"href":"https:\/\/agora.xtec.cat\/ceiplajota\/wp-json\/wp\/v2\/tags?post=3688"}],"curies":[{"name":"wp","href":"https:\/\/api.w.org\/{rel}","templated":true}]}}