{"id":3679,"date":"2021-03-23T12:00:31","date_gmt":"2021-03-23T11:00:31","guid":{"rendered":"https:\/\/agora.xtec.cat\/ceiplajota\/?p=3679"},"modified":"2021-03-24T06:47:12","modified_gmt":"2021-03-24T05:47:12","slug":"cuidem-la-nostra-terra","status":"publish","type":"post","link":"https:\/\/agora.xtec.cat\/ceiplajota\/general\/cuidem-la-nostra-terra\/","title":{"rendered":"CUIDEM LA NOSTRA TERRA"},"content":{"rendered":"<p>&nbsp;<\/p>\n<p><a href=\"https:\/\/agora.xtec.cat\/ceiplajota\/wp-content\/uploads\/usu1571\/2021\/03\/Diploma-APILO.jpg\"><img loading=\"lazy\" decoding=\"async\" class=\"aligncenter wp-image-3681 size-large\" src=\"https:\/\/agora.xtec.cat\/ceiplajota\/wp-content\/uploads\/usu1571\/2021\/03\/Diploma-APILO-724x1024.jpg\" alt=\"\" width=\"724\" height=\"1024\" srcset=\"https:\/\/agora.xtec.cat\/ceiplajota\/wp-content\/uploads\/usu1571\/2021\/03\/Diploma-APILO-724x1024.jpg 724w, https:\/\/agora.xtec.cat\/ceiplajota\/wp-content\/uploads\/usu1571\/2021\/03\/Diploma-APILO-212x300.jpg 212w, https:\/\/agora.xtec.cat\/ceiplajota\/wp-content\/uploads\/usu1571\/2021\/03\/Diploma-APILO-768x1086.jpg 768w, https:\/\/agora.xtec.cat\/ceiplajota\/wp-content\/uploads\/usu1571\/2021\/03\/Diploma-APILO.jpg 1240w\" sizes=\"auto, (max-width: 724px) 100vw, 724px\" \/><\/a><\/p>\n<p>MISSI\u00d3 APILO XII: Avui hem rebut el diploma d&#8217;agra\u00efment per participar en la campanya APILO XII de recollida de piles usades.<\/p>\n<p>Malgrat el tancament de l&#8217;escola per la pand\u00e8mia, hem recollit 57 quilograms de piles velles.<\/p>\n<p>Nens i nenes, fam\u00edlies i personal de l&#8217;escola,\u00a0 estem molt conscienciats que cal tenir cura del nostre planeta Terra i portem al contenidor APILO les piles velles de casa. Som uns bons agents APILO!<\/p>\n<p>Hem fet un gran pas!!!<\/p>\n<p>Gr\u00e0cies a tothom per la magn\u00edfica participaci\u00f3.<\/p>\n","protected":false},"excerpt":{"rendered":"<p>&nbsp;<br \/>\n<a href=\"https:\/\/agora.xtec.cat\/ceiplajota\/wp-content\/uploads\/usu1571\/2021\/03\/Diploma-APILO.jpg\"><\/a><br \/>\nMISSI\u00d3 APILO XII: Avui hem rebut el diploma d&#8217;agra\u00efment per participar en la campanya APILO XII de recollida de piles usades.<br \/>\nMalgrat el tancament de l&#8217;escola per la pand\u00e8mia, hem recollit 57 quilograms de piles velles.<br \/>\nNens i nenes, fam\u00edlies i personal de l&#8217;escola,\u00a0 estem molt&hellip;  <a href=\"https:\/\/agora.xtec.cat\/ceiplajota\/general\/cuidem-la-nostra-terra\/\" title=\"Read CUIDEM LA NOSTRA TERRA\">Llegeix m\u00e9s\u00bb<\/a><\/p>\n","protected":false},"author":1,"featured_media":3681,"comment_status":"open","ping_status":"closed","sticky":false,"template":"","format":"standard","meta":{"_bbp_topic_count":0,"_bbp_reply_count":0,"_bbp_total_topic_count":0,"_bbp_total_reply_count":0,"_bbp_voice_count":0,"_bbp_anonymous_reply_count":0,"_bbp_topic_count_hidden":0,"_bbp_reply_count_hidden":0,"_bbp_forum_subforum_count":0,"footnotes":""},"categories":[1],"tags":[],"class_list":["post-3679","post","type-post","status-publish","format-standard","has-post-thumbnail","hentry","category-general"],"post_mailing_queue_ids":[],"_links":{"self":[{"href":"https:\/\/agora.xtec.cat\/ceiplajota\/wp-json\/wp\/v2\/posts\/3679","targetHints":{"allow":["GET"]}}],"collection":[{"href":"https:\/\/agora.xtec.cat\/ceiplajota\/wp-json\/wp\/v2\/posts"}],"about":[{"href":"https:\/\/agora.xtec.cat\/ceiplajota\/wp-json\/wp\/v2\/types\/post"}],"author":[{"embeddable":true,"href":"https:\/\/agora.xtec.cat\/ceiplajota\/wp-json\/wp\/v2\/users\/1"}],"replies":[{"embeddable":true,"href":"https:\/\/agora.xtec.cat\/ceiplajota\/wp-json\/wp\/v2\/comments?post=3679"}],"version-history":[{"count":3,"href":"https:\/\/agora.xtec.cat\/ceiplajota\/wp-json\/wp\/v2\/posts\/3679\/revisions"}],"predecessor-version":[{"id":3684,"href":"https:\/\/agora.xtec.cat\/ceiplajota\/wp-json\/wp\/v2\/posts\/3679\/revisions\/3684"}],"wp:featuredmedia":[{"embeddable":true,"href":"https:\/\/agora.xtec.cat\/ceiplajota\/wp-json\/wp\/v2\/media\/3681"}],"wp:attachment":[{"href":"https:\/\/agora.xtec.cat\/ceiplajota\/wp-json\/wp\/v2\/media?parent=3679"}],"wp:term":[{"taxonomy":"category","embeddable":true,"href":"https:\/\/agora.xtec.cat\/ceiplajota\/wp-json\/wp\/v2\/categories?post=3679"},{"taxonomy":"post_tag","embeddable":true,"href":"https:\/\/agora.xtec.cat\/ceiplajota\/wp-json\/wp\/v2\/tags?post=3679"}],"curies":[{"name":"wp","href":"https:\/\/api.w.org\/{rel}","templated":true}]}}