{"id":3657,"date":"2021-03-14T20:05:42","date_gmt":"2021-03-14T19:05:42","guid":{"rendered":"https:\/\/agora.xtec.cat\/ceiplajota\/?p=3657"},"modified":"2021-03-14T20:05:42","modified_gmt":"2021-03-14T19:05:42","slug":"llegim-en-parella","status":"publish","type":"post","link":"https:\/\/agora.xtec.cat\/ceiplajota\/primaria\/4t\/llegim-en-parella\/","title":{"rendered":"LLEGIM EN PARELLA"},"content":{"rendered":"<p>Fam\u00edlies de quart:<\/p>\n<p>Aquest curs, per tercer any consecutiu, a l&#8217;escola continuem amb el projecte <strong>LLEGIM EN PARELLA.\u00a0<\/strong><\/p>\n<p>Com ja sabeu, aquest programa est\u00e0 basat en la tutoria entre iguals, \u00e9s a dir, parelles d\u2019alumnes que aprenen a trav\u00e9s d\u2019una activitat estructurada. Per una banda, el\/la tutor\/a apr\u00e8n, perqu\u00e8 ensenyar pot ser una bona manera d\u2019aprendre. I, per altra banda, el\/la tutorat\/da tamb\u00e9 apr\u00e8n, perqu\u00e8 rep l\u2019ajuda ajustada i permanent del seu company\/a tutor\/a. El programa combina la tutoria entre l\u2019alumnat i la tutoria familiar.<\/p>\n<p>Els objectius d&#8217;aquest programa s\u00f3n:\u00a0 la millora de la compet\u00e8ncia lectora, especialment la comprensi\u00f3 lectora, i la compet\u00e8ncia en expressi\u00f3 escrita, espec\u00edficament en el proc\u00e9s de composici\u00f3 de textos.<\/p>\n<p><strong>Feu clic a la foto<\/strong> per poder veure els vostres fills i filles gaudint d&#8217;una lectura compartida.<\/p>\n<p><a href=\"https:\/\/photos.app.goo.gl\/aHchQgXoAboNbXUT6\"><img loading=\"lazy\" decoding=\"async\" class=\"size-medium wp-image-3659 aligncenter\" src=\"https:\/\/agora.xtec.cat\/ceiplajota\/wp-content\/uploads\/usu1571\/2021\/03\/77d455d4-f9fa-42b1-8cfa-a270c35ae7db-300x225.jpg\" alt=\"\" width=\"300\" height=\"225\" srcset=\"https:\/\/agora.xtec.cat\/ceiplajota\/wp-content\/uploads\/usu1571\/2021\/03\/77d455d4-f9fa-42b1-8cfa-a270c35ae7db-300x225.jpg 300w, https:\/\/agora.xtec.cat\/ceiplajota\/wp-content\/uploads\/usu1571\/2021\/03\/77d455d4-f9fa-42b1-8cfa-a270c35ae7db-768x576.jpg 768w, https:\/\/agora.xtec.cat\/ceiplajota\/wp-content\/uploads\/usu1571\/2021\/03\/77d455d4-f9fa-42b1-8cfa-a270c35ae7db-1024x768.jpg 1024w, https:\/\/agora.xtec.cat\/ceiplajota\/wp-content\/uploads\/usu1571\/2021\/03\/77d455d4-f9fa-42b1-8cfa-a270c35ae7db-200x150.jpg 200w, https:\/\/agora.xtec.cat\/ceiplajota\/wp-content\/uploads\/usu1571\/2021\/03\/77d455d4-f9fa-42b1-8cfa-a270c35ae7db.jpg 2048w\" sizes=\"auto, (max-width: 300px) 100vw, 300px\" \/><\/a><\/p>\n","protected":false},"excerpt":{"rendered":"<p>Fam\u00edlies de quart:<br \/>\nAquest curs, per tercer any consecutiu, a l&#8217;escola continuem amb el projecte LLEGIM EN PARELLA.\u00a0<br \/>\nCom ja sabeu, aquest programa est\u00e0 basat en la tutoria entre iguals, \u00e9s a dir, parelles d\u2019alumnes que aprenen a trav\u00e9s d\u2019una activitat estructurada. Per una banda, el\/la tutor\/a&hellip;  <a href=\"https:\/\/agora.xtec.cat\/ceiplajota\/primaria\/4t\/llegim-en-parella\/\" title=\"Read LLEGIM EN PARELLA\">Llegeix m\u00e9s\u00bb<\/a><\/p>\n","protected":false},"author":22,"featured_media":3658,"comment_status":"open","ping_status":"closed","sticky":false,"template":"","format":"standard","meta":{"_bbp_topic_count":0,"_bbp_reply_count":0,"_bbp_total_topic_count":0,"_bbp_total_reply_count":0,"_bbp_voice_count":0,"_bbp_anonymous_reply_count":0,"_bbp_topic_count_hidden":0,"_bbp_reply_count_hidden":0,"_bbp_forum_subforum_count":0,"footnotes":""},"categories":[13],"tags":[],"class_list":["post-3657","post","type-post","status-publish","format-standard","has-post-thumbnail","hentry","category-4t"],"post_mailing_queue_ids":[],"_links":{"self":[{"href":"https:\/\/agora.xtec.cat\/ceiplajota\/wp-json\/wp\/v2\/posts\/3657","targetHints":{"allow":["GET"]}}],"collection":[{"href":"https:\/\/agora.xtec.cat\/ceiplajota\/wp-json\/wp\/v2\/posts"}],"about":[{"href":"https:\/\/agora.xtec.cat\/ceiplajota\/wp-json\/wp\/v2\/types\/post"}],"author":[{"embeddable":true,"href":"https:\/\/agora.xtec.cat\/ceiplajota\/wp-json\/wp\/v2\/users\/22"}],"replies":[{"embeddable":true,"href":"https:\/\/agora.xtec.cat\/ceiplajota\/wp-json\/wp\/v2\/comments?post=3657"}],"version-history":[{"count":2,"href":"https:\/\/agora.xtec.cat\/ceiplajota\/wp-json\/wp\/v2\/posts\/3657\/revisions"}],"predecessor-version":[{"id":3661,"href":"https:\/\/agora.xtec.cat\/ceiplajota\/wp-json\/wp\/v2\/posts\/3657\/revisions\/3661"}],"wp:featuredmedia":[{"embeddable":true,"href":"https:\/\/agora.xtec.cat\/ceiplajota\/wp-json\/wp\/v2\/media\/3658"}],"wp:attachment":[{"href":"https:\/\/agora.xtec.cat\/ceiplajota\/wp-json\/wp\/v2\/media?parent=3657"}],"wp:term":[{"taxonomy":"category","embeddable":true,"href":"https:\/\/agora.xtec.cat\/ceiplajota\/wp-json\/wp\/v2\/categories?post=3657"},{"taxonomy":"post_tag","embeddable":true,"href":"https:\/\/agora.xtec.cat\/ceiplajota\/wp-json\/wp\/v2\/tags?post=3657"}],"curies":[{"name":"wp","href":"https:\/\/api.w.org\/{rel}","templated":true}]}}