{"id":3649,"date":"2021-03-14T19:22:19","date_gmt":"2021-03-14T18:22:19","guid":{"rendered":"https:\/\/agora.xtec.cat\/ceiplajota\/?p=3649"},"modified":"2021-03-14T19:22:19","modified_gmt":"2021-03-14T18:22:19","slug":"plastica-a-quart","status":"publish","type":"post","link":"https:\/\/agora.xtec.cat\/ceiplajota\/primaria\/4t\/plastica-a-quart\/","title":{"rendered":"PL\u00c0STICA A QUART"},"content":{"rendered":"<p><span style=\"font-family: comic sans ms, sans-serif;font-size: large\">Hola fam\u00edlies!\u00a0<\/span><\/p>\n<p><span style=\"font-family: comic sans ms, sans-serif;font-size: large\">\u00a0<\/span><span style=\"font-family: comic sans ms, sans-serif;font-size: large\">Aprofitant que hem treballat els animals a 4t hem fet un eri\u00e7\u00f3 molt \u00fatil per posar els nostres llapis. A m\u00e9s, hem gaudit molt utilitzant el fang i fent el nostre eri\u00e7\u00f3 i l&#8217;hem <\/span><span style=\"font-family: comic sans ms, sans-serif;font-size: large\">pintat de diferents colors. <\/span><\/p>\n<p><span style=\"font-family: comic sans ms, sans-serif;font-size: large\">Tamb\u00e9 us volem ensenyar algunes fotos dels nostres retrats han quedat espectaculars!\u00a0<\/span><\/p>\n<p><span style=\"font-family: comic sans ms, sans-serif;font-size: large\">A continuaci\u00f3 podeu veure algunes fotos del proc\u00e9s del nostre eri\u00e7\u00f3 i dels retrats.<\/span><\/p>\n<p><span style=\"font-family: comic sans ms, sans-serif;font-size: large\">Cliqueu a sobre de l&#8217;eri\u00e7\u00f3 per veure les fotos \ud83d\udc47<\/span><\/p>\n<p>&nbsp;<\/p>\n<p style=\"text-align: center\"><a href=\"https:\/\/photos.app.goo.gl\/ziDQgYTLdu6paXKm9\"><img loading=\"lazy\" decoding=\"async\" class=\"alignnone wp-image-3650\" src=\"https:\/\/agora.xtec.cat\/ceiplajota\/wp-content\/uploads\/usu1571\/2021\/03\/ERIZO.png\" alt=\"\" width=\"310\" height=\"230\" srcset=\"https:\/\/agora.xtec.cat\/ceiplajota\/wp-content\/uploads\/usu1571\/2021\/03\/ERIZO.png 330w, https:\/\/agora.xtec.cat\/ceiplajota\/wp-content\/uploads\/usu1571\/2021\/03\/ERIZO-300x223.png 300w\" sizes=\"auto, (max-width: 310px) 100vw, 310px\" \/><\/a><\/p>\n<p>&nbsp;<\/p>\n<p>&nbsp;<\/p>\n","protected":false},"excerpt":{"rendered":"<p>Hola fam\u00edlies!\u00a0<br \/>\n\u00a0Aprofitant que hem treballat els animals a 4t hem fet un eri\u00e7\u00f3 molt \u00fatil per posar els nostres llapis. A m\u00e9s, hem gaudit molt utilitzant el fang i fent el nostre eri\u00e7\u00f3 i l&#8217;hem pintat de diferents colors.<br \/>\nTamb\u00e9 us volem ensenyar algunes fotos&hellip;  <a href=\"https:\/\/agora.xtec.cat\/ceiplajota\/primaria\/4t\/plastica-a-quart\/\" title=\"Read PL\u00c0STICA A QUART\">Llegeix m\u00e9s\u00bb<\/a><\/p>\n","protected":false},"author":22,"featured_media":3651,"comment_status":"open","ping_status":"closed","sticky":false,"template":"","format":"standard","meta":{"_bbp_topic_count":0,"_bbp_reply_count":0,"_bbp_total_topic_count":0,"_bbp_total_reply_count":0,"_bbp_voice_count":0,"_bbp_anonymous_reply_count":0,"_bbp_topic_count_hidden":0,"_bbp_reply_count_hidden":0,"_bbp_forum_subforum_count":0,"footnotes":""},"categories":[13],"tags":[],"class_list":["post-3649","post","type-post","status-publish","format-standard","has-post-thumbnail","hentry","category-4t"],"post_mailing_queue_ids":[],"_links":{"self":[{"href":"https:\/\/agora.xtec.cat\/ceiplajota\/wp-json\/wp\/v2\/posts\/3649","targetHints":{"allow":["GET"]}}],"collection":[{"href":"https:\/\/agora.xtec.cat\/ceiplajota\/wp-json\/wp\/v2\/posts"}],"about":[{"href":"https:\/\/agora.xtec.cat\/ceiplajota\/wp-json\/wp\/v2\/types\/post"}],"author":[{"embeddable":true,"href":"https:\/\/agora.xtec.cat\/ceiplajota\/wp-json\/wp\/v2\/users\/22"}],"replies":[{"embeddable":true,"href":"https:\/\/agora.xtec.cat\/ceiplajota\/wp-json\/wp\/v2\/comments?post=3649"}],"version-history":[{"count":3,"href":"https:\/\/agora.xtec.cat\/ceiplajota\/wp-json\/wp\/v2\/posts\/3649\/revisions"}],"predecessor-version":[{"id":3656,"href":"https:\/\/agora.xtec.cat\/ceiplajota\/wp-json\/wp\/v2\/posts\/3649\/revisions\/3656"}],"wp:featuredmedia":[{"embeddable":true,"href":"https:\/\/agora.xtec.cat\/ceiplajota\/wp-json\/wp\/v2\/media\/3651"}],"wp:attachment":[{"href":"https:\/\/agora.xtec.cat\/ceiplajota\/wp-json\/wp\/v2\/media?parent=3649"}],"wp:term":[{"taxonomy":"category","embeddable":true,"href":"https:\/\/agora.xtec.cat\/ceiplajota\/wp-json\/wp\/v2\/categories?post=3649"},{"taxonomy":"post_tag","embeddable":true,"href":"https:\/\/agora.xtec.cat\/ceiplajota\/wp-json\/wp\/v2\/tags?post=3649"}],"curies":[{"name":"wp","href":"https:\/\/api.w.org\/{rel}","templated":true}]}}