{"id":3619,"date":"2021-03-09T20:46:07","date_gmt":"2021-03-09T19:46:07","guid":{"rendered":"https:\/\/agora.xtec.cat\/ceiplajota\/?p=3619"},"modified":"2021-03-09T20:49:59","modified_gmt":"2021-03-09T19:49:59","slug":"granja-can-deu","status":"publish","type":"post","link":"https:\/\/agora.xtec.cat\/ceiplajota\/general\/granja-can-deu\/","title":{"rendered":"GRANJA CAN DEU"},"content":{"rendered":"<p class=\"p1\">Avui hem pogut gaudir d&#8217;un fant\u00e0stic dia en contacte amb la natura a la granja de Can Deu (a Sabadell).<\/p>\n<p class=\"p1\">Hem pogut veure, tocar i donar de menjar als cavalls, \u00e0necs, gallines, porquets, conills, ovelles i vaques.<\/p>\n<p class=\"p1\">Ha estat la nostra primera sortida de moltes m\u00e9s que farem a l&#8217;escola i ens ha encantat l&#8217;experi\u00e8ncia!!! De ben segur que a la propera tamb\u00e9 hi anirem!!!<\/p>\n<p>Cliqueu \ud83d\udc47\ud83c\udffbper veure tot el recull de fotos.<\/p>\n<p><a href=\"https:\/\/photos.app.goo.gl\/oAe7rHTCmDcmyyBr5\"><img loading=\"lazy\" decoding=\"async\" class=\"alignnone size-full wp-image-3626\" src=\"https:\/\/agora.xtec.cat\/ceiplajota\/wp-content\/uploads\/usu1571\/2021\/03\/Captura-de-pantalla-2021-03-09-a-las-20.48.54.png\" alt=\"\" width=\"524\" height=\"549\" srcset=\"https:\/\/agora.xtec.cat\/ceiplajota\/wp-content\/uploads\/usu1571\/2021\/03\/Captura-de-pantalla-2021-03-09-a-las-20.48.54.png 524w, https:\/\/agora.xtec.cat\/ceiplajota\/wp-content\/uploads\/usu1571\/2021\/03\/Captura-de-pantalla-2021-03-09-a-las-20.48.54-286x300.png 286w\" sizes=\"auto, (max-width: 524px) 100vw, 524px\" \/><\/a><\/p>\n","protected":false},"excerpt":{"rendered":"<p>Avui hem pogut gaudir d&#8217;un fant\u00e0stic dia en contacte amb la natura a la granja de Can Deu (a Sabadell).<br \/>\nHem pogut veure, tocar i donar de menjar als cavalls, \u00e0necs, gallines, porquets, conills, ovelles i vaques.<br \/>\nHa estat la nostra primera sortida de moltes m\u00e9s que&hellip;  <a href=\"https:\/\/agora.xtec.cat\/ceiplajota\/general\/granja-can-deu\/\" title=\"Read GRANJA CAN DEU\">Llegeix m\u00e9s\u00bb<\/a><\/p>\n","protected":false},"author":34,"featured_media":0,"comment_status":"open","ping_status":"closed","sticky":false,"template":"","format":"standard","meta":{"_bbp_topic_count":0,"_bbp_reply_count":0,"_bbp_total_topic_count":0,"_bbp_total_reply_count":0,"_bbp_voice_count":0,"_bbp_anonymous_reply_count":0,"_bbp_topic_count_hidden":0,"_bbp_reply_count_hidden":0,"_bbp_forum_subforum_count":0,"footnotes":""},"categories":[1,2,3],"tags":[],"class_list":["post-3619","post","type-post","status-publish","format-standard","hentry","category-general","category-infantil","category-p3"],"post_mailing_queue_ids":[],"_links":{"self":[{"href":"https:\/\/agora.xtec.cat\/ceiplajota\/wp-json\/wp\/v2\/posts\/3619","targetHints":{"allow":["GET"]}}],"collection":[{"href":"https:\/\/agora.xtec.cat\/ceiplajota\/wp-json\/wp\/v2\/posts"}],"about":[{"href":"https:\/\/agora.xtec.cat\/ceiplajota\/wp-json\/wp\/v2\/types\/post"}],"author":[{"embeddable":true,"href":"https:\/\/agora.xtec.cat\/ceiplajota\/wp-json\/wp\/v2\/users\/34"}],"replies":[{"embeddable":true,"href":"https:\/\/agora.xtec.cat\/ceiplajota\/wp-json\/wp\/v2\/comments?post=3619"}],"version-history":[{"count":3,"href":"https:\/\/agora.xtec.cat\/ceiplajota\/wp-json\/wp\/v2\/posts\/3619\/revisions"}],"predecessor-version":[{"id":3627,"href":"https:\/\/agora.xtec.cat\/ceiplajota\/wp-json\/wp\/v2\/posts\/3619\/revisions\/3627"}],"wp:attachment":[{"href":"https:\/\/agora.xtec.cat\/ceiplajota\/wp-json\/wp\/v2\/media?parent=3619"}],"wp:term":[{"taxonomy":"category","embeddable":true,"href":"https:\/\/agora.xtec.cat\/ceiplajota\/wp-json\/wp\/v2\/categories?post=3619"},{"taxonomy":"post_tag","embeddable":true,"href":"https:\/\/agora.xtec.cat\/ceiplajota\/wp-json\/wp\/v2\/tags?post=3619"}],"curies":[{"name":"wp","href":"https:\/\/api.w.org\/{rel}","templated":true}]}}