{"id":3585,"date":"2021-03-06T16:35:52","date_gmt":"2021-03-06T15:35:52","guid":{"rendered":"https:\/\/agora.xtec.cat\/ceiplajota\/?p=3585"},"modified":"2021-03-06T16:48:56","modified_gmt":"2021-03-06T15:48:56","slug":"taller-animals-vius-a-laula","status":"publish","type":"post","link":"https:\/\/agora.xtec.cat\/ceiplajota\/primaria\/5e\/taller-animals-vius-a-laula\/","title":{"rendered":"TALLER ANIMALS VIUS A L\u00b4AULA"},"content":{"rendered":"<p>Durant aquesta setmana els alumnes de Cicle Superior hem pogut gaudir del Taller d\u00b4animals vius a l\u00b4aula. Hem treballat amfibis i r\u00e8ptils a les nostres classes, i recordat les caracter\u00edstiques dels dos grups, la metamorfosi, l\u00b4alimentaci\u00f3, la reproducci\u00f3, etc.<\/p>\n<p>Ha sigut un taller molt pr\u00e0ctic i din\u00e0mic on tots hem tocat, observat i descobert directament diferents animals vius (granotes, llangardaix, camale\u00f3, tortugues, serps, etc.).<\/p>\n<p>Per visualitzar les fotos del taller clica la imatge.<\/p>\n<p><a href=\"https:\/\/photos.app.goo.gl\/29jNmkhdFDWP4eLZ7\" target=\"_blank\" rel=\"noopener noreferrer\"><img loading=\"lazy\" decoding=\"async\" class=\"alignnone size-full wp-image-3586\" src=\"https:\/\/agora.xtec.cat\/ceiplajota\/wp-content\/uploads\/usu1571\/2021\/03\/talleranimals.jpg\" alt=\"\" width=\"387\" height=\"361\" srcset=\"https:\/\/agora.xtec.cat\/ceiplajota\/wp-content\/uploads\/usu1571\/2021\/03\/talleranimals.jpg 387w, https:\/\/agora.xtec.cat\/ceiplajota\/wp-content\/uploads\/usu1571\/2021\/03\/talleranimals-300x280.jpg 300w\" sizes=\"auto, (max-width: 387px) 100vw, 387px\" \/><\/a><\/p>\n","protected":false},"excerpt":{"rendered":"<p>Durant aquesta setmana els alumnes de Cicle Superior hem pogut gaudir del Taller d\u00b4animals vius a l\u00b4aula. Hem treballat amfibis i r\u00e8ptils a les nostres classes, i recordat les caracter\u00edstiques dels dos grups, la metamorfosi, l\u00b4alimentaci\u00f3, la reproducci\u00f3, etc.<br \/>\nHa sigut un taller molt pr\u00e0ctic i&hellip;  <a href=\"https:\/\/agora.xtec.cat\/ceiplajota\/primaria\/5e\/taller-animals-vius-a-laula\/\" title=\"Read TALLER ANIMALS VIUS A L\u00b4AULA\">Llegeix m\u00e9s\u00bb<\/a><\/p>\n","protected":false},"author":3,"featured_media":0,"comment_status":"open","ping_status":"closed","sticky":false,"template":"","format":"standard","meta":{"_bbp_topic_count":0,"_bbp_reply_count":0,"_bbp_total_topic_count":0,"_bbp_total_reply_count":0,"_bbp_voice_count":0,"_bbp_anonymous_reply_count":0,"_bbp_topic_count_hidden":0,"_bbp_reply_count_hidden":0,"_bbp_forum_subforum_count":0,"footnotes":""},"categories":[14,15],"tags":[],"class_list":["post-3585","post","type-post","status-publish","format-standard","hentry","category-5e","category-6e"],"post_mailing_queue_ids":[],"_links":{"self":[{"href":"https:\/\/agora.xtec.cat\/ceiplajota\/wp-json\/wp\/v2\/posts\/3585","targetHints":{"allow":["GET"]}}],"collection":[{"href":"https:\/\/agora.xtec.cat\/ceiplajota\/wp-json\/wp\/v2\/posts"}],"about":[{"href":"https:\/\/agora.xtec.cat\/ceiplajota\/wp-json\/wp\/v2\/types\/post"}],"author":[{"embeddable":true,"href":"https:\/\/agora.xtec.cat\/ceiplajota\/wp-json\/wp\/v2\/users\/3"}],"replies":[{"embeddable":true,"href":"https:\/\/agora.xtec.cat\/ceiplajota\/wp-json\/wp\/v2\/comments?post=3585"}],"version-history":[{"count":3,"href":"https:\/\/agora.xtec.cat\/ceiplajota\/wp-json\/wp\/v2\/posts\/3585\/revisions"}],"predecessor-version":[{"id":3589,"href":"https:\/\/agora.xtec.cat\/ceiplajota\/wp-json\/wp\/v2\/posts\/3585\/revisions\/3589"}],"wp:attachment":[{"href":"https:\/\/agora.xtec.cat\/ceiplajota\/wp-json\/wp\/v2\/media?parent=3585"}],"wp:term":[{"taxonomy":"category","embeddable":true,"href":"https:\/\/agora.xtec.cat\/ceiplajota\/wp-json\/wp\/v2\/categories?post=3585"},{"taxonomy":"post_tag","embeddable":true,"href":"https:\/\/agora.xtec.cat\/ceiplajota\/wp-json\/wp\/v2\/tags?post=3585"}],"curies":[{"name":"wp","href":"https:\/\/api.w.org\/{rel}","templated":true}]}}