{"id":3513,"date":"2021-02-17T11:32:45","date_gmt":"2021-02-17T10:32:45","guid":{"rendered":"https:\/\/agora.xtec.cat\/ceiplajota\/?p=3513"},"modified":"2021-03-08T06:30:52","modified_gmt":"2021-03-08T05:30:52","slug":"setmana-europea-de-la-prevencio-de-residus-2020","status":"publish","type":"post","link":"https:\/\/agora.xtec.cat\/ceiplajota\/general\/setmana-europea-de-la-prevencio-de-residus-2020\/","title":{"rendered":"Setmana Europea de la Prevenci\u00f3 de Residus 2020"},"content":{"rendered":"<p>Hem rebut el Diploma de participaci\u00f3 a la Setmana Europea de la Prevenci\u00f3 de Residus. Hi vam participar del 23 al 27 de novembre fent diverses activitats relacionades amb el reciclatge, la sostenibilitat i la cura del medi ambient.<\/p>\n<p>Aquest curs hem presentat el projecte de l&#8217;ESPAI VERD de l&#8217;escola, espai de reciclatge i punt d&#8217;informaci\u00f3 per a la comunitat educativa.<a href=\"https:\/\/agora.xtec.cat\/ceiplajota\/wp-content\/uploads\/usu1571\/2021\/02\/0001.jpg\"><img loading=\"lazy\" decoding=\"async\" class=\"aligncenter wp-image-3515\" src=\"https:\/\/agora.xtec.cat\/ceiplajota\/wp-content\/uploads\/usu1571\/2021\/02\/0001.jpg\" alt=\"\" width=\"841\" height=\"595\" srcset=\"https:\/\/agora.xtec.cat\/ceiplajota\/wp-content\/uploads\/usu1571\/2021\/02\/0001.jpg 3509w, https:\/\/agora.xtec.cat\/ceiplajota\/wp-content\/uploads\/usu1571\/2021\/02\/0001-300x212.jpg 300w, https:\/\/agora.xtec.cat\/ceiplajota\/wp-content\/uploads\/usu1571\/2021\/02\/0001-768x543.jpg 768w, https:\/\/agora.xtec.cat\/ceiplajota\/wp-content\/uploads\/usu1571\/2021\/02\/0001-1024x724.jpg 1024w\" sizes=\"auto, (max-width: 841px) 100vw, 841px\" \/><\/a><\/p>\n","protected":false},"excerpt":{"rendered":"<p>Hem rebut el Diploma de participaci\u00f3 a la Setmana Europea de la Prevenci\u00f3 de Residus. Hi vam participar del 23 al 27 de novembre fent diverses activitats relacionades amb el reciclatge, la sostenibilitat i la cura del medi ambient.<br \/>\nAquest curs hem presentat el projecte de&hellip;  <a href=\"https:\/\/agora.xtec.cat\/ceiplajota\/general\/setmana-europea-de-la-prevencio-de-residus-2020\/\" title=\"Read Setmana Europea de la Prevenci\u00f3 de Residus 2020\">Llegeix m\u00e9s\u00bb<\/a><\/p>\n","protected":false},"author":1,"featured_media":3515,"comment_status":"open","ping_status":"closed","sticky":false,"template":"","format":"standard","meta":{"_bbp_topic_count":0,"_bbp_reply_count":0,"_bbp_total_topic_count":0,"_bbp_total_reply_count":0,"_bbp_voice_count":0,"_bbp_anonymous_reply_count":0,"_bbp_topic_count_hidden":0,"_bbp_reply_count_hidden":0,"_bbp_forum_subforum_count":0,"footnotes":""},"categories":[1],"tags":[],"class_list":["post-3513","post","type-post","status-publish","format-standard","has-post-thumbnail","hentry","category-general"],"post_mailing_queue_ids":[],"_links":{"self":[{"href":"https:\/\/agora.xtec.cat\/ceiplajota\/wp-json\/wp\/v2\/posts\/3513","targetHints":{"allow":["GET"]}}],"collection":[{"href":"https:\/\/agora.xtec.cat\/ceiplajota\/wp-json\/wp\/v2\/posts"}],"about":[{"href":"https:\/\/agora.xtec.cat\/ceiplajota\/wp-json\/wp\/v2\/types\/post"}],"author":[{"embeddable":true,"href":"https:\/\/agora.xtec.cat\/ceiplajota\/wp-json\/wp\/v2\/users\/1"}],"replies":[{"embeddable":true,"href":"https:\/\/agora.xtec.cat\/ceiplajota\/wp-json\/wp\/v2\/comments?post=3513"}],"version-history":[{"count":1,"href":"https:\/\/agora.xtec.cat\/ceiplajota\/wp-json\/wp\/v2\/posts\/3513\/revisions"}],"predecessor-version":[{"id":3516,"href":"https:\/\/agora.xtec.cat\/ceiplajota\/wp-json\/wp\/v2\/posts\/3513\/revisions\/3516"}],"wp:featuredmedia":[{"embeddable":true,"href":"https:\/\/agora.xtec.cat\/ceiplajota\/wp-json\/wp\/v2\/media\/3515"}],"wp:attachment":[{"href":"https:\/\/agora.xtec.cat\/ceiplajota\/wp-json\/wp\/v2\/media?parent=3513"}],"wp:term":[{"taxonomy":"category","embeddable":true,"href":"https:\/\/agora.xtec.cat\/ceiplajota\/wp-json\/wp\/v2\/categories?post=3513"},{"taxonomy":"post_tag","embeddable":true,"href":"https:\/\/agora.xtec.cat\/ceiplajota\/wp-json\/wp\/v2\/tags?post=3513"}],"curies":[{"name":"wp","href":"https:\/\/api.w.org\/{rel}","templated":true}]}}