{"id":3509,"date":"2021-02-16T11:53:52","date_gmt":"2021-02-16T10:53:52","guid":{"rendered":"https:\/\/agora.xtec.cat\/ceiplajota\/?p=3509"},"modified":"2021-03-03T20:28:19","modified_gmt":"2021-03-03T19:28:19","slug":"per-carnaval-tot-shi-val","status":"publish","type":"post","link":"https:\/\/agora.xtec.cat\/ceiplajota\/infantil\/per-carnaval-tot-shi-val\/","title":{"rendered":"PER CARNAVAL&#8230;TOT S&#8217;HI VAL!"},"content":{"rendered":"<p>Tot i que la situaci\u00f3 actual no ens ha perm\u00e8s portar a terme el carnaval com altres anys, la gresca i l&#8217;alegria no ens ha abandonat&#8230;ni les ganes de fer que tots els nens i nenes gaudissin de la setmana m\u00e9s esbojarrada del curs!<\/p>\n<p>Dilluns ja vam encetar la setmana seguint les consignes de Sa Majestat el Rei Carnestoltes i tots i totes vam anar a l&#8217;escola amb pijama. I les vam seguir a peu de lletra fins el dijous gras, quan seguint la tradici\u00f3 vam menjar botifarra d&#8217;ou i entrepans de truita. A la tarda tots els infants van lluir les m\u00e0scares que havien confegit i decorat a classe. D&#8217;acord amb el monogr\u00e0fic d&#8217;aquest any a l&#8217;escola, el regne animal, els nens i nebes d&#8217;Infantil van poguer triar entre diferents models dels animals &#8216;minim\u00f3n&#8217; que es faran a les classes: granja, sabana, bosc, pol sud, jungla&#8230;<\/p>\n<p>Divendres, amb disfressa de tem\u00e0tica lliure, vam mostrar milers de personatges i les nostres brillants gales, desfilant a la pista per la resta de nens, nenes i mestres del nostre cicle i d&#8217;Inicial, amb les dist\u00e0ncies i precaucions necess\u00e0ries. I per la tarda l&#8217;AMPA ens ha portat crusanets de xocolata per berenar i fer el tancament de festa!<\/p>\n<p>Fins el curs vinent, Carnestoltes!<\/p>\n<p>Per veure les fotos cliqueu\u00a0\ud83d\udc47\ud83c\udffb<\/p>\n<p><a href=\"https:\/\/photos.app.goo.gl\/wzWHhmAEWkx2TVJz9\"><img loading=\"lazy\" decoding=\"async\" class=\"alignnone size-large wp-image-3570\" src=\"https:\/\/agora.xtec.cat\/ceiplajota\/wp-content\/uploads\/usu1571\/2021\/02\/Captura-de-pantalla-2021-03-03-a-las-20.27.51-1024x562.png\" alt=\"\" width=\"1024\" height=\"562\" srcset=\"https:\/\/agora.xtec.cat\/ceiplajota\/wp-content\/uploads\/usu1571\/2021\/02\/Captura-de-pantalla-2021-03-03-a-las-20.27.51-1024x562.png 1024w, https:\/\/agora.xtec.cat\/ceiplajota\/wp-content\/uploads\/usu1571\/2021\/02\/Captura-de-pantalla-2021-03-03-a-las-20.27.51-300x165.png 300w, https:\/\/agora.xtec.cat\/ceiplajota\/wp-content\/uploads\/usu1571\/2021\/02\/Captura-de-pantalla-2021-03-03-a-las-20.27.51-768x422.png 768w, https:\/\/agora.xtec.cat\/ceiplajota\/wp-content\/uploads\/usu1571\/2021\/02\/Captura-de-pantalla-2021-03-03-a-las-20.27.51.png 1025w\" sizes=\"auto, (max-width: 1024px) 100vw, 1024px\" \/><\/a><\/p>\n","protected":false},"excerpt":{"rendered":"<p>Tot i que la situaci\u00f3 actual no ens ha perm\u00e8s portar a terme el carnaval com altres anys, la gresca i l&#8217;alegria no ens ha abandonat&#8230;ni les ganes de fer que tots els nens i nenes gaudissin de la setmana m\u00e9s esbojarrada del curs!<br \/>\nDilluns ja&hellip;  <a href=\"https:\/\/agora.xtec.cat\/ceiplajota\/infantil\/per-carnaval-tot-shi-val\/\" title=\"Read PER CARNAVAL&#8230;TOT S&#8217;HI VAL!\">Llegeix m\u00e9s\u00bb<\/a><\/p>\n","protected":false},"author":34,"featured_media":0,"comment_status":"open","ping_status":"closed","sticky":false,"template":"","format":"standard","meta":{"_bbp_topic_count":0,"_bbp_reply_count":0,"_bbp_total_topic_count":0,"_bbp_total_reply_count":0,"_bbp_voice_count":0,"_bbp_anonymous_reply_count":0,"_bbp_topic_count_hidden":0,"_bbp_reply_count_hidden":0,"_bbp_forum_subforum_count":0,"footnotes":""},"categories":[2,3],"tags":[],"class_list":["post-3509","post","type-post","status-publish","format-standard","hentry","category-infantil","category-p3"],"post_mailing_queue_ids":[],"_links":{"self":[{"href":"https:\/\/agora.xtec.cat\/ceiplajota\/wp-json\/wp\/v2\/posts\/3509","targetHints":{"allow":["GET"]}}],"collection":[{"href":"https:\/\/agora.xtec.cat\/ceiplajota\/wp-json\/wp\/v2\/posts"}],"about":[{"href":"https:\/\/agora.xtec.cat\/ceiplajota\/wp-json\/wp\/v2\/types\/post"}],"author":[{"embeddable":true,"href":"https:\/\/agora.xtec.cat\/ceiplajota\/wp-json\/wp\/v2\/users\/34"}],"replies":[{"embeddable":true,"href":"https:\/\/agora.xtec.cat\/ceiplajota\/wp-json\/wp\/v2\/comments?post=3509"}],"version-history":[{"count":3,"href":"https:\/\/agora.xtec.cat\/ceiplajota\/wp-json\/wp\/v2\/posts\/3509\/revisions"}],"predecessor-version":[{"id":3571,"href":"https:\/\/agora.xtec.cat\/ceiplajota\/wp-json\/wp\/v2\/posts\/3509\/revisions\/3571"}],"wp:attachment":[{"href":"https:\/\/agora.xtec.cat\/ceiplajota\/wp-json\/wp\/v2\/media?parent=3509"}],"wp:term":[{"taxonomy":"category","embeddable":true,"href":"https:\/\/agora.xtec.cat\/ceiplajota\/wp-json\/wp\/v2\/categories?post=3509"},{"taxonomy":"post_tag","embeddable":true,"href":"https:\/\/agora.xtec.cat\/ceiplajota\/wp-json\/wp\/v2\/tags?post=3509"}],"curies":[{"name":"wp","href":"https:\/\/api.w.org\/{rel}","templated":true}]}}