{"id":3470,"date":"2021-02-12T16:00:08","date_gmt":"2021-02-12T15:00:08","guid":{"rendered":"https:\/\/agora.xtec.cat\/ceiplajota\/?p=3470"},"modified":"2021-02-16T14:03:44","modified_gmt":"2021-02-16T13:03:44","slug":"carnaval-2021","status":"publish","type":"post","link":"https:\/\/agora.xtec.cat\/ceiplajota\/general\/carnaval-2021\/","title":{"rendered":"CARNAVAL 2021"},"content":{"rendered":"<p><a href=\"https:\/\/agora.xtec.cat\/ceiplajota\/wp-content\/uploads\/usu1571\/2021\/02\/Pancarta.png\"><img loading=\"lazy\" decoding=\"async\" class=\"aligncenter wp-image-3472\" src=\"https:\/\/agora.xtec.cat\/ceiplajota\/wp-content\/uploads\/usu1571\/2021\/02\/Pancarta.png\" alt=\"\" width=\"737\" height=\"224\" \/><\/a><\/p>\n<p>La festa del <strong>CARNAVAL<\/strong> \u00e9s una festa molt viscuda i arrelada a l&#8217;escola. Tota la comunitat educativa en gaudeix i es realitzen moltes activitats de gresca de forma compartida.<\/p>\n<p>Tot comen\u00e7a amb la preparaci\u00f3 de les disfresses, pensant quina i com fer-la. Amb temps a les classes, alumnes i mestres decideixen quina \u00e9s la disfressa del curs. Un treball d&#8217;expressi\u00f3 oral, escrita, raonament,&#8230;,\u00a0 ajuda a defensar la disfressa proposada , a arribar a un acord\u00a0 i a fer que la realitzaci\u00f3 de la disfressa sigui tamb\u00e9 una activitat d&#8217;aprenentage.<\/p>\n<p>El Rei Carnestoltes ens\u00a0 mana les <strong>ordres o consignes<\/strong> que durant tota la setmana cal seguir. Els nens i nenes de sis\u00e8 les trien i ens les expliquen, aquest curs han fet uns v\u00eddeos molt divertits que cada grup bombolla ha pogut veure des de les pissarres digitals de les classes. Amb pijama, amb mitjons de colors\u00a0 o amb la cara maquillada, tota la setmana hem anat una mica esbojarrats.<\/p>\n<p><a href=\"https:\/\/agora.xtec.cat\/ceiplajota\/wp-content\/uploads\/usu1571\/2021\/02\/Consignes-Carnestoltes.jpg\"><img loading=\"lazy\" decoding=\"async\" class=\"aligncenter wp-image-3481\" src=\"https:\/\/agora.xtec.cat\/ceiplajota\/wp-content\/uploads\/usu1571\/2021\/02\/Consignes-Carnestoltes.jpg\" alt=\"\" width=\"707\" height=\"398\" srcset=\"https:\/\/agora.xtec.cat\/ceiplajota\/wp-content\/uploads\/usu1571\/2021\/02\/Consignes-Carnestoltes.jpg 1024w, https:\/\/agora.xtec.cat\/ceiplajota\/wp-content\/uploads\/usu1571\/2021\/02\/Consignes-Carnestoltes-300x169.jpg 300w, https:\/\/agora.xtec.cat\/ceiplajota\/wp-content\/uploads\/usu1571\/2021\/02\/Consignes-Carnestoltes-768x432.jpg 768w\" sizes=\"auto, (max-width: 707px) 100vw, 707px\" \/><\/a><\/p>\n<p>Per <strong>Dijous Gras <\/strong>\u00a0ens disfressem segons el projecte d&#8217;escola del curs, enguany<strong> &#8220;Els animals&#8221;<\/strong>. Aquest curs hem fet uns antifa\u00e7os a classe. La imaginaci\u00f3, la creativitat, el treball motriu, la col\u00b7labotraci\u00f3, &#8230;, tot envoltat de la gresca i la disbauxa t\u00edpica del carnaval.<\/p>\n<p><a href=\"https:\/\/agora.xtec.cat\/ceiplajota\/wp-content\/uploads\/usu1571\/2021\/02\/Dijous.jpg\"><img loading=\"lazy\" decoding=\"async\" class=\"aligncenter wp-image-3476\" src=\"https:\/\/agora.xtec.cat\/ceiplajota\/wp-content\/uploads\/usu1571\/2021\/02\/Dijous.jpg\" alt=\"\" width=\"473\" height=\"473\" srcset=\"https:\/\/agora.xtec.cat\/ceiplajota\/wp-content\/uploads\/usu1571\/2021\/02\/Dijous.jpg 1024w, https:\/\/agora.xtec.cat\/ceiplajota\/wp-content\/uploads\/usu1571\/2021\/02\/Dijous-150x150.jpg 150w, https:\/\/agora.xtec.cat\/ceiplajota\/wp-content\/uploads\/usu1571\/2021\/02\/Dijous-300x300.jpg 300w, https:\/\/agora.xtec.cat\/ceiplajota\/wp-content\/uploads\/usu1571\/2021\/02\/Dijous-768x768.jpg 768w\" sizes=\"auto, (max-width: 473px) 100vw, 473px\" \/><\/a><\/p>\n<p>Els nens i nenes de sis\u00e8 ens fan el <strong>preg\u00f3.\u00a0<\/strong>Un treball d&#8217;expressi\u00f3 escrita que recull idees de l&#8217;actualitat del m\u00f3n, de la localitat i de l&#8217;escola. Amb rimes i gresca ens llegeixen el preg\u00f3 el divendres de carnaval.<\/p>\n<p>&nbsp;<\/p>\n<p>El divendres en agrada fer la <strong>rua, <\/strong>mostrar les disfresses i veure com van els altres. Compartir amb la resta les ganes de ballar i riure. Aquests curs la rua s&#8217;ha fet al pati de cicle superior. All\u00e0 , amb molta dist\u00e0ncia entre grups bombolla, hem fet una petita desfilada per compartir tots plegats les disfresses que des de casa hem portat. Els de cicle mitj\u00e0 i cicle superior\u00a0 primer i una mica m\u00e9s tard educaci\u00f3 infantil i cicle inicial. Amb la m\u00fasica hem desfilat i ballat i una bona estona hem passat!!!<\/p>\n<p><a href=\"https:\/\/agora.xtec.cat\/ceiplajota\/wp-content\/uploads\/usu1571\/2021\/02\/Divendres.jpg\"><img loading=\"lazy\" decoding=\"async\" class=\"aligncenter wp-image-3483\" src=\"https:\/\/agora.xtec.cat\/ceiplajota\/wp-content\/uploads\/usu1571\/2021\/02\/Divendres.jpg\" alt=\"\" width=\"482\" height=\"482\" srcset=\"https:\/\/agora.xtec.cat\/ceiplajota\/wp-content\/uploads\/usu1571\/2021\/02\/Divendres.jpg 1024w, https:\/\/agora.xtec.cat\/ceiplajota\/wp-content\/uploads\/usu1571\/2021\/02\/Divendres-150x150.jpg 150w, https:\/\/agora.xtec.cat\/ceiplajota\/wp-content\/uploads\/usu1571\/2021\/02\/Divendres-300x300.jpg 300w, https:\/\/agora.xtec.cat\/ceiplajota\/wp-content\/uploads\/usu1571\/2021\/02\/Divendres-768x768.jpg 768w\" sizes=\"auto, (max-width: 482px) 100vw, 482px\" \/><\/a><\/p>\n<p>&nbsp;<\/p>\n<p>Per la tarda l&#8217;<strong>AMPA<\/strong> ens ha convidat a un petit berenar . A classe hem jugat o al pati hem continuat ballant .<\/p>\n<p>Aqu\u00ed trobar\u00e0s les imatges de la <a href=\"https:\/\/photos.app.goo.gl\/uqJ484HpzcJZLuMn6\" target=\"_blank\" rel=\"noopener noreferrer\">festa.<\/a><\/p>\n<p>&nbsp;<\/p>\n","protected":false},"excerpt":{"rendered":"<p><a href=\"https:\/\/agora.xtec.cat\/ceiplajota\/wp-content\/uploads\/usu1571\/2021\/02\/Pancarta.png\"><\/a><br \/>\nLa festa del CARNAVAL \u00e9s una festa molt viscuda i arrelada a l&#8217;escola. Tota la comunitat educativa en gaudeix i es realitzen moltes activitats de gresca de forma compartida.<br \/>\nTot comen\u00e7a amb la preparaci\u00f3 de les disfresses, pensant quina i com fer-la. Amb temps a&hellip;  <a href=\"https:\/\/agora.xtec.cat\/ceiplajota\/general\/carnaval-2021\/\" title=\"Read CARNAVAL 2021\">Llegeix m\u00e9s\u00bb<\/a><\/p>\n","protected":false},"author":1,"featured_media":3472,"comment_status":"open","ping_status":"closed","sticky":false,"template":"","format":"standard","meta":{"_bbp_topic_count":0,"_bbp_reply_count":0,"_bbp_total_topic_count":0,"_bbp_total_reply_count":0,"_bbp_voice_count":0,"_bbp_anonymous_reply_count":0,"_bbp_topic_count_hidden":0,"_bbp_reply_count_hidden":0,"_bbp_forum_subforum_count":0,"footnotes":""},"categories":[1],"tags":[],"class_list":["post-3470","post","type-post","status-publish","format-standard","has-post-thumbnail","hentry","category-general"],"post_mailing_queue_ids":[],"_links":{"self":[{"href":"https:\/\/agora.xtec.cat\/ceiplajota\/wp-json\/wp\/v2\/posts\/3470","targetHints":{"allow":["GET"]}}],"collection":[{"href":"https:\/\/agora.xtec.cat\/ceiplajota\/wp-json\/wp\/v2\/posts"}],"about":[{"href":"https:\/\/agora.xtec.cat\/ceiplajota\/wp-json\/wp\/v2\/types\/post"}],"author":[{"embeddable":true,"href":"https:\/\/agora.xtec.cat\/ceiplajota\/wp-json\/wp\/v2\/users\/1"}],"replies":[{"embeddable":true,"href":"https:\/\/agora.xtec.cat\/ceiplajota\/wp-json\/wp\/v2\/comments?post=3470"}],"version-history":[{"count":4,"href":"https:\/\/agora.xtec.cat\/ceiplajota\/wp-json\/wp\/v2\/posts\/3470\/revisions"}],"predecessor-version":[{"id":3512,"href":"https:\/\/agora.xtec.cat\/ceiplajota\/wp-json\/wp\/v2\/posts\/3470\/revisions\/3512"}],"wp:featuredmedia":[{"embeddable":true,"href":"https:\/\/agora.xtec.cat\/ceiplajota\/wp-json\/wp\/v2\/media\/3472"}],"wp:attachment":[{"href":"https:\/\/agora.xtec.cat\/ceiplajota\/wp-json\/wp\/v2\/media?parent=3470"}],"wp:term":[{"taxonomy":"category","embeddable":true,"href":"https:\/\/agora.xtec.cat\/ceiplajota\/wp-json\/wp\/v2\/categories?post=3470"},{"taxonomy":"post_tag","embeddable":true,"href":"https:\/\/agora.xtec.cat\/ceiplajota\/wp-json\/wp\/v2\/tags?post=3470"}],"curies":[{"name":"wp","href":"https:\/\/api.w.org\/{rel}","templated":true}]}}