{"id":3446,"date":"2021-01-31T07:13:17","date_gmt":"2021-01-31T06:13:17","guid":{"rendered":"https:\/\/agora.xtec.cat\/ceiplajota\/?p=3446"},"modified":"2021-01-31T09:38:32","modified_gmt":"2021-01-31T08:38:32","slug":"jornada-de-la-pau","status":"publish","type":"post","link":"https:\/\/agora.xtec.cat\/ceiplajota\/general\/jornada-de-la-pau\/","title":{"rendered":"JORNADA DE LA PAU"},"content":{"rendered":"<p>Aquest divendres dia 29 de gener a l&#8217;escola hem fet la Jornada de la Pau. \u00c9s una jornada que es porta a terme a tota l&#8217;escola, des de P3 fins a 6\u00e8 i dins de les actuacions A.V.A.C.<\/p>\n<p>Enguany ha estat diferent als altres cursos. Enlloc de fer l&#8217;organitzaci\u00f3 internivells, amb la participaci\u00f3 de tota la comunitat educativa i acabant fent una gran fotografia de grup al pati, hem fet una Jornada de la Pau per grups bombolla i amb una actuaci\u00f3 conjunta, l&#8217;atrapa-somnis. Totes i tots n&#8217;hem gaudit i apr\u00e8s molt.<\/p>\n<p>Si en voleu saber m\u00e9s, aneu al men\u00fa d&#8217;aquesta p\u00e0gina, a festes de l&#8217;escola i all\u00e0 hi trobareu el recull de la Jornada.<\/p>\n<p>&nbsp;<\/p>\n","protected":false},"excerpt":{"rendered":"<p>Aquest divendres dia 29 de gener a l&#8217;escola hem fet la Jornada de la Pau. \u00c9s una jornada que es porta a terme a tota l&#8217;escola, des de P3 fins a 6\u00e8 i dins de les actuacions A.V.A.C.<br \/>\nEnguany ha estat diferent als altres cursos. Enlloc&hellip;  <a href=\"https:\/\/agora.xtec.cat\/ceiplajota\/general\/jornada-de-la-pau\/\" title=\"Read JORNADA DE LA PAU\">Llegeix m\u00e9s\u00bb<\/a><\/p>\n","protected":false},"author":1,"featured_media":3452,"comment_status":"open","ping_status":"closed","sticky":false,"template":"","format":"standard","meta":{"_bbp_topic_count":0,"_bbp_reply_count":0,"_bbp_total_topic_count":0,"_bbp_total_reply_count":0,"_bbp_voice_count":0,"_bbp_anonymous_reply_count":0,"_bbp_topic_count_hidden":0,"_bbp_reply_count_hidden":0,"_bbp_forum_subforum_count":0,"footnotes":""},"categories":[1],"tags":[],"class_list":["post-3446","post","type-post","status-publish","format-standard","has-post-thumbnail","hentry","category-general"],"post_mailing_queue_ids":[],"_links":{"self":[{"href":"https:\/\/agora.xtec.cat\/ceiplajota\/wp-json\/wp\/v2\/posts\/3446","targetHints":{"allow":["GET"]}}],"collection":[{"href":"https:\/\/agora.xtec.cat\/ceiplajota\/wp-json\/wp\/v2\/posts"}],"about":[{"href":"https:\/\/agora.xtec.cat\/ceiplajota\/wp-json\/wp\/v2\/types\/post"}],"author":[{"embeddable":true,"href":"https:\/\/agora.xtec.cat\/ceiplajota\/wp-json\/wp\/v2\/users\/1"}],"replies":[{"embeddable":true,"href":"https:\/\/agora.xtec.cat\/ceiplajota\/wp-json\/wp\/v2\/comments?post=3446"}],"version-history":[{"count":4,"href":"https:\/\/agora.xtec.cat\/ceiplajota\/wp-json\/wp\/v2\/posts\/3446\/revisions"}],"predecessor-version":[{"id":3456,"href":"https:\/\/agora.xtec.cat\/ceiplajota\/wp-json\/wp\/v2\/posts\/3446\/revisions\/3456"}],"wp:featuredmedia":[{"embeddable":true,"href":"https:\/\/agora.xtec.cat\/ceiplajota\/wp-json\/wp\/v2\/media\/3452"}],"wp:attachment":[{"href":"https:\/\/agora.xtec.cat\/ceiplajota\/wp-json\/wp\/v2\/media?parent=3446"}],"wp:term":[{"taxonomy":"category","embeddable":true,"href":"https:\/\/agora.xtec.cat\/ceiplajota\/wp-json\/wp\/v2\/categories?post=3446"},{"taxonomy":"post_tag","embeddable":true,"href":"https:\/\/agora.xtec.cat\/ceiplajota\/wp-json\/wp\/v2\/tags?post=3446"}],"curies":[{"name":"wp","href":"https:\/\/api.w.org\/{rel}","templated":true}]}}