{"id":3438,"date":"2021-01-26T09:52:21","date_gmt":"2021-01-26T08:52:21","guid":{"rendered":"https:\/\/agora.xtec.cat\/ceiplajota\/?p=3438"},"modified":"2021-01-26T09:52:21","modified_gmt":"2021-01-26T08:52:21","slug":"joan-miro","status":"publish","type":"post","link":"https:\/\/agora.xtec.cat\/ceiplajota\/general\/joan-miro\/","title":{"rendered":"Joan Mir\u00f3"},"content":{"rendered":"<p>A P5 continuem treballant la pl\u00e0stica a trav\u00e9s de l&#8217;obra de Joan Mir\u00f3. Aprenem a expressar les pr\u00f2pies emocions per mitj\u00e0 del llenguatge pl\u00e0stic. Fem \u00fas de la intu\u00efci\u00f3, la improvisaci\u00f3, la fantasia i la creativitat tant en l&#8217;observaci\u00f3 com en els processos creatius art\u00edstics.<\/p>\n<p>Avui toquen esquitxades en un mural a la paret. D&#8217;aquesta manera repassem els colors (verd, blau, vermell, groc i negre), posem a prova la nostra destresa amb el pinzell i decorem la nostra escola perqu\u00e8 estigui bonica.<\/p>\n<p>Esperem que us agradi.<\/p>\n<p><a href=\"https:\/\/photos.app.goo.gl\/z8PmyqJEwjBkD7sDA\"><img loading=\"lazy\" decoding=\"async\" class=\"alignnone size-large wp-image-3439\" src=\"https:\/\/agora.xtec.cat\/ceiplajota\/wp-content\/uploads\/usu1571\/2021\/01\/IMG_20201203_101212-1024x580.jpg\" alt=\"\" width=\"1024\" height=\"580\" srcset=\"https:\/\/agora.xtec.cat\/ceiplajota\/wp-content\/uploads\/usu1571\/2021\/01\/IMG_20201203_101212-1024x580.jpg 1024w, https:\/\/agora.xtec.cat\/ceiplajota\/wp-content\/uploads\/usu1571\/2021\/01\/IMG_20201203_101212-300x170.jpg 300w, https:\/\/agora.xtec.cat\/ceiplajota\/wp-content\/uploads\/usu1571\/2021\/01\/IMG_20201203_101212-768x435.jpg 768w, https:\/\/agora.xtec.cat\/ceiplajota\/wp-content\/uploads\/usu1571\/2021\/01\/IMG_20201203_101212.jpg 1293w\" sizes=\"auto, (max-width: 1024px) 100vw, 1024px\" \/><\/a><\/p>\n","protected":false},"excerpt":{"rendered":"<p>A P5 continuem treballant la pl\u00e0stica a trav\u00e9s de l&#8217;obra de Joan Mir\u00f3. Aprenem a expressar les pr\u00f2pies emocions per mitj\u00e0 del llenguatge pl\u00e0stic. Fem \u00fas de la intu\u00efci\u00f3, la improvisaci\u00f3, la fantasia i la creativitat tant en l&#8217;observaci\u00f3 com en els processos creatius art\u00edstics.<br \/>\nAvui&hellip;  <a href=\"https:\/\/agora.xtec.cat\/ceiplajota\/general\/joan-miro\/\" title=\"Read Joan Mir\u00f3\">Llegeix m\u00e9s\u00bb<\/a><\/p>\n","protected":false},"author":34,"featured_media":0,"comment_status":"open","ping_status":"closed","sticky":false,"template":"","format":"standard","meta":{"_bbp_topic_count":0,"_bbp_reply_count":0,"_bbp_total_topic_count":0,"_bbp_total_reply_count":0,"_bbp_voice_count":0,"_bbp_anonymous_reply_count":0,"_bbp_topic_count_hidden":0,"_bbp_reply_count_hidden":0,"_bbp_forum_subforum_count":0,"footnotes":""},"categories":[1,2,9],"tags":[],"class_list":["post-3438","post","type-post","status-publish","format-standard","hentry","category-general","category-infantil","category-p5"],"post_mailing_queue_ids":[],"_links":{"self":[{"href":"https:\/\/agora.xtec.cat\/ceiplajota\/wp-json\/wp\/v2\/posts\/3438","targetHints":{"allow":["GET"]}}],"collection":[{"href":"https:\/\/agora.xtec.cat\/ceiplajota\/wp-json\/wp\/v2\/posts"}],"about":[{"href":"https:\/\/agora.xtec.cat\/ceiplajota\/wp-json\/wp\/v2\/types\/post"}],"author":[{"embeddable":true,"href":"https:\/\/agora.xtec.cat\/ceiplajota\/wp-json\/wp\/v2\/users\/34"}],"replies":[{"embeddable":true,"href":"https:\/\/agora.xtec.cat\/ceiplajota\/wp-json\/wp\/v2\/comments?post=3438"}],"version-history":[{"count":1,"href":"https:\/\/agora.xtec.cat\/ceiplajota\/wp-json\/wp\/v2\/posts\/3438\/revisions"}],"predecessor-version":[{"id":3440,"href":"https:\/\/agora.xtec.cat\/ceiplajota\/wp-json\/wp\/v2\/posts\/3438\/revisions\/3440"}],"wp:attachment":[{"href":"https:\/\/agora.xtec.cat\/ceiplajota\/wp-json\/wp\/v2\/media?parent=3438"}],"wp:term":[{"taxonomy":"category","embeddable":true,"href":"https:\/\/agora.xtec.cat\/ceiplajota\/wp-json\/wp\/v2\/categories?post=3438"},{"taxonomy":"post_tag","embeddable":true,"href":"https:\/\/agora.xtec.cat\/ceiplajota\/wp-json\/wp\/v2\/tags?post=3438"}],"curies":[{"name":"wp","href":"https:\/\/api.w.org\/{rel}","templated":true}]}}