{"id":3384,"date":"2021-01-15T09:00:46","date_gmt":"2021-01-15T08:00:46","guid":{"rendered":"https:\/\/agora.xtec.cat\/ceiplajota\/?p=3384"},"modified":"2021-01-18T06:48:45","modified_gmt":"2021-01-18T05:48:45","slug":"nadal-a-lescola","status":"publish","type":"post","link":"https:\/\/agora.xtec.cat\/ceiplajota\/general\/nadal-a-lescola\/","title":{"rendered":"NADAL A L&#8217;ESCOLA"},"content":{"rendered":"<p><em><span style=\"color: #3366ff;\"><strong>NADAL<\/strong> <strong>2020<\/strong><strong> ESCOLA LA JOTA\u00a0 \u00a0 \u00a0 <a href=\"https:\/\/agora.xtec.cat\/ceiplajota\/wp-content\/uploads\/usu1571\/2021\/01\/adornos-de-navidad-fiestas-navidad-pintado-por-queyla-10276092.png\"><img loading=\"lazy\" decoding=\"async\" class=\"size-thumbnail wp-image-3357 alignnone\" src=\"https:\/\/agora.xtec.cat\/ceiplajota\/wp-content\/uploads\/usu1571\/2021\/01\/adornos-de-navidad-fiestas-navidad-pintado-por-queyla-10276092-150x150.png\" alt=\"\" width=\"150\" height=\"150\" \/><\/a><\/strong><\/span><\/em><\/p>\n<p>Aquestes s\u00f3n les activitats al voltant de la m\u00e0gica festa de Nadal:<\/p>\n<p><span style=\"color: #3366ff;\"><strong><u>DIVENDRES 11 DE DESEMBRE:<\/u><\/strong><\/span><\/p>\n<p><strong>Visita virtual del Patge Reial a les classes d\u2019infantil, cicle inicial i cicle mitj\u00e0. <em>Col\u00b7labora la Fundaci\u00f3 c\u00edvica Oreneta del Vall\u00e8s.<\/em><\/strong><\/p>\n<p>El Patge Reial visita de forma telem\u00e0tica cada classe d&#8217;educaci\u00f3 infantil (P3, P4 i P5), de cicle inicial (1r i 2n) i de cicle mitj\u00e0 (3r i 4t).\u00a0 Nens i nenes poden veure i parlar amb el Patge Reial per les pissarres digitals de cada classe.<\/p>\n<p><span style=\"color: #3366ff;\"><strong><u>DIVENDRES 18 DE DESEMBRE:<\/u><\/strong><\/span><\/p>\n<p><strong>Visita de ses Majestats Els Reis Mags. Lliurament de cartes fetes a l\u2019escola. <em>Organitzat per l\u2019AMPA de l\u2019Escola La Jota.<\/em><\/strong><\/p>\n<p>El divendres 15 de gener vam rebre als Reis Mags i els seus patges al pati de l&#8217;escola. Abans de tornar cap a l&#8217;Orient, van venir a veure&#8217;ns, volien saber si ens havien agradat els seus regals i ens van portar un petit obsequi.<\/p>\n<p><span style=\"color: #3366ff;\"><strong><u>DILLUNS 21 DE DESEMBRE:<\/u><\/strong><\/span><\/p>\n<ul>\n<li><strong>Els alumnes d\u2019infantil i cicle inicial faran cagar el Ti\u00f3. <\/strong><\/li>\n<li><strong>Amic Invisible a les aules dels alumnes de Cicle Mitj\u00e0 i Superior.<\/strong><\/li>\n<li><strong style=\"font-family: inherit; font-size: 1em;\">Visualitzaci\u00f3 de les can\u00e7ons nadalenques a les aules.\u00a0<\/strong><\/li>\n<\/ul>\n<p><a href=\"https:\/\/view.genial.ly\/5fd8b3383c971e0d6598aab8\" target=\"_blank\" rel=\"noopener noreferrer\">https:\/\/view.genial.ly\/5fd8b3383c971e0d6598aab8<\/a><\/p>\n<p>I els nostres millors desitjos per aquest proper 2021.<\/p>\n<p><a href=\"https:\/\/view.genial.ly\/5fde61cd60e6a00cfc74e092\" target=\"_blank\" rel=\"noopener noreferrer\">https:\/\/view.genial.ly\/5fde61cd60e6a00cfc74e092<\/a><\/p>\n<p>&nbsp;<\/p>\n<p><a href=\"https:\/\/drive.google.com\/file\/d\/1k62Ri76kRvYCFH8beMEb73r5q-YpahhZ\/view?usp=sharing\" target=\"_blank\" rel=\"noopener noreferrer\">https:\/\/drive.google.com\/file\/d\/1k62Ri76kRvYCFH8beMEb73r5q-YpahhZ\/view?usp=sharing<\/a><\/p>\n","protected":false},"excerpt":{"rendered":"<p>NADAL 2020 ESCOLA LA JOTA\u00a0 \u00a0 \u00a0 <a href=\"https:\/\/agora.xtec.cat\/ceiplajota\/wp-content\/uploads\/usu1571\/2021\/01\/adornos-de-navidad-fiestas-navidad-pintado-por-queyla-10276092.png\"><\/a><br \/>\nAquestes s\u00f3n les activitats al voltant de la m\u00e0gica festa de Nadal:<br \/>\nDIVENDRES 11 DE DESEMBRE:<br \/>\nVisita virtual del Patge Reial a les classes d\u2019infantil, cicle inicial i cicle mitj\u00e0. Col\u00b7labora la Fundaci\u00f3 c\u00edvica Oreneta del Vall\u00e8s.<br \/>\nEl Patge Reial&hellip;  <a href=\"https:\/\/agora.xtec.cat\/ceiplajota\/general\/nadal-a-lescola\/\" title=\"Read NADAL A L&#8217;ESCOLA\">Llegeix m\u00e9s\u00bb<\/a><\/p>\n","protected":false},"author":1,"featured_media":3389,"comment_status":"open","ping_status":"closed","sticky":false,"template":"","format":"standard","meta":{"_bbp_topic_count":0,"_bbp_reply_count":0,"_bbp_total_topic_count":0,"_bbp_total_reply_count":0,"_bbp_voice_count":0,"_bbp_anonymous_reply_count":0,"_bbp_topic_count_hidden":0,"_bbp_reply_count_hidden":0,"_bbp_forum_subforum_count":0,"footnotes":""},"categories":[1],"tags":[],"class_list":["post-3384","post","type-post","status-publish","format-standard","has-post-thumbnail","hentry","category-general"],"post_mailing_queue_ids":[],"_links":{"self":[{"href":"https:\/\/agora.xtec.cat\/ceiplajota\/wp-json\/wp\/v2\/posts\/3384","targetHints":{"allow":["GET"]}}],"collection":[{"href":"https:\/\/agora.xtec.cat\/ceiplajota\/wp-json\/wp\/v2\/posts"}],"about":[{"href":"https:\/\/agora.xtec.cat\/ceiplajota\/wp-json\/wp\/v2\/types\/post"}],"author":[{"embeddable":true,"href":"https:\/\/agora.xtec.cat\/ceiplajota\/wp-json\/wp\/v2\/users\/1"}],"replies":[{"embeddable":true,"href":"https:\/\/agora.xtec.cat\/ceiplajota\/wp-json\/wp\/v2\/comments?post=3384"}],"version-history":[{"count":3,"href":"https:\/\/agora.xtec.cat\/ceiplajota\/wp-json\/wp\/v2\/posts\/3384\/revisions"}],"predecessor-version":[{"id":3391,"href":"https:\/\/agora.xtec.cat\/ceiplajota\/wp-json\/wp\/v2\/posts\/3384\/revisions\/3391"}],"wp:featuredmedia":[{"embeddable":true,"href":"https:\/\/agora.xtec.cat\/ceiplajota\/wp-json\/wp\/v2\/media\/3389"}],"wp:attachment":[{"href":"https:\/\/agora.xtec.cat\/ceiplajota\/wp-json\/wp\/v2\/media?parent=3384"}],"wp:term":[{"taxonomy":"category","embeddable":true,"href":"https:\/\/agora.xtec.cat\/ceiplajota\/wp-json\/wp\/v2\/categories?post=3384"},{"taxonomy":"post_tag","embeddable":true,"href":"https:\/\/agora.xtec.cat\/ceiplajota\/wp-json\/wp\/v2\/tags?post=3384"}],"curies":[{"name":"wp","href":"https:\/\/api.w.org\/{rel}","templated":true}]}}