{"id":3373,"date":"2021-01-18T06:10:47","date_gmt":"2021-01-18T05:10:47","guid":{"rendered":"https:\/\/agora.xtec.cat\/ceiplajota\/?p=3373"},"modified":"2021-01-23T11:57:18","modified_gmt":"2021-01-23T10:57:18","slug":"__trashed-2","status":"publish","type":"post","link":"https:\/\/agora.xtec.cat\/ceiplajota\/infantil\/__trashed-2\/","title":{"rendered":"Nadal"},"content":{"rendered":"<p>Aquestes \u00faltimes setmanes del primer trimestre tots ens hem esfor\u00e7at per garantir que els infants gaudissin al m\u00e0xim de totes les propostes i activitats d&#8217;aquests dies amb la m\u00e0xima normalitat possible, hem adaptat cada una de les propostes tenint present les mesures de seguretat : l&#8217;arribada del Ti\u00f3 i la visita continuada dels infants per garantir que tingu\u00e9s constantment la panxa plena, la visita del Patge Reial telem\u00e0tica, el concert de Nadal,&#8230;<\/p>\n<p>Van ser dies molt especials en els que els infants van participar i gaudir de cada minut, us deixem un recull de totes aquestes situacions viscudes:<\/p>\n<p><a href=\"https:\/\/photos.app.goo.gl\/KQptDbMezyHd5aMo8\"><img loading=\"lazy\" decoding=\"async\" class=\"wp-image-3431 aligncenter\" src=\"https:\/\/agora.xtec.cat\/ceiplajota\/wp-content\/uploads\/usu1571\/2021\/01\/Captura-de-pantalla-2021-01-23-a-las-11.54.35.png\" alt=\"\" width=\"736\" height=\"572\" srcset=\"https:\/\/agora.xtec.cat\/ceiplajota\/wp-content\/uploads\/usu1571\/2021\/01\/Captura-de-pantalla-2021-01-23-a-las-11.54.35.png 514w, https:\/\/agora.xtec.cat\/ceiplajota\/wp-content\/uploads\/usu1571\/2021\/01\/Captura-de-pantalla-2021-01-23-a-las-11.54.35-300x233.png 300w\" sizes=\"auto, (max-width: 736px) 100vw, 736px\" \/><\/a><\/p>\n<p>&nbsp;<\/p>\n","protected":false},"excerpt":{"rendered":"<p>Aquestes \u00faltimes setmanes del primer trimestre tots ens hem esfor\u00e7at per garantir que els infants gaudissin al m\u00e0xim de totes les propostes i activitats d&#8217;aquests dies amb la m\u00e0xima normalitat possible, hem adaptat cada una de les propostes tenint present les mesures de seguretat :&hellip;  <a href=\"https:\/\/agora.xtec.cat\/ceiplajota\/infantil\/__trashed-2\/\" title=\"Read Nadal\">Llegeix m\u00e9s\u00bb<\/a><\/p>\n","protected":false},"author":34,"featured_media":0,"comment_status":"open","ping_status":"closed","sticky":false,"template":"","format":"standard","meta":{"_bbp_topic_count":0,"_bbp_reply_count":0,"_bbp_total_topic_count":0,"_bbp_total_reply_count":0,"_bbp_voice_count":0,"_bbp_anonymous_reply_count":0,"_bbp_topic_count_hidden":0,"_bbp_reply_count_hidden":0,"_bbp_forum_subforum_count":0,"footnotes":""},"categories":[2,3,8,9],"tags":[],"class_list":["post-3373","post","type-post","status-publish","format-standard","hentry","category-infantil","category-p3","category-p4","category-p5"],"post_mailing_queue_ids":[],"_links":{"self":[{"href":"https:\/\/agora.xtec.cat\/ceiplajota\/wp-json\/wp\/v2\/posts\/3373","targetHints":{"allow":["GET"]}}],"collection":[{"href":"https:\/\/agora.xtec.cat\/ceiplajota\/wp-json\/wp\/v2\/posts"}],"about":[{"href":"https:\/\/agora.xtec.cat\/ceiplajota\/wp-json\/wp\/v2\/types\/post"}],"author":[{"embeddable":true,"href":"https:\/\/agora.xtec.cat\/ceiplajota\/wp-json\/wp\/v2\/users\/34"}],"replies":[{"embeddable":true,"href":"https:\/\/agora.xtec.cat\/ceiplajota\/wp-json\/wp\/v2\/comments?post=3373"}],"version-history":[{"count":4,"href":"https:\/\/agora.xtec.cat\/ceiplajota\/wp-json\/wp\/v2\/posts\/3373\/revisions"}],"predecessor-version":[{"id":3434,"href":"https:\/\/agora.xtec.cat\/ceiplajota\/wp-json\/wp\/v2\/posts\/3373\/revisions\/3434"}],"wp:attachment":[{"href":"https:\/\/agora.xtec.cat\/ceiplajota\/wp-json\/wp\/v2\/media?parent=3373"}],"wp:term":[{"taxonomy":"category","embeddable":true,"href":"https:\/\/agora.xtec.cat\/ceiplajota\/wp-json\/wp\/v2\/categories?post=3373"},{"taxonomy":"post_tag","embeddable":true,"href":"https:\/\/agora.xtec.cat\/ceiplajota\/wp-json\/wp\/v2\/tags?post=3373"}],"curies":[{"name":"wp","href":"https:\/\/api.w.org\/{rel}","templated":true}]}}