{"id":3306,"date":"2020-11-20T21:07:21","date_gmt":"2020-11-20T20:07:21","guid":{"rendered":"https:\/\/agora.xtec.cat\/ceiplajota\/?p=3306"},"modified":"2020-12-27T07:10:46","modified_gmt":"2020-12-27T06:10:46","slug":"setmana-europea-de-la-prevencio-de-residus","status":"publish","type":"post","link":"https:\/\/agora.xtec.cat\/ceiplajota\/general\/setmana-europea-de-la-prevencio-de-residus\/","title":{"rendered":"SETMANA EUROPEA DE LA PREVENCI\u00d3 DE RESIDUS"},"content":{"rendered":"<p><strong><a href=\"https:\/\/agora.xtec.cat\/ceiplajota\/wp-content\/uploads\/usu1571\/2020\/11\/2020-11-22_08-04-58.png\"><img loading=\"lazy\" decoding=\"async\" class=\"size-thumbnail wp-image-3264 alignright\" src=\"https:\/\/agora.xtec.cat\/ceiplajota\/wp-content\/uploads\/usu1571\/2020\/11\/2020-11-22_08-04-58-150x150.png\" alt=\"\" width=\"150\" height=\"150\" \/><\/a>SETMANA EUROPEA DE LA PREVENCI\u00d3 DE RESIDUS<\/strong><\/p>\n<p>La setmana del 21 al 29 de novembre treballarem amb m\u00e9s for\u00e7a la cura del nostre Planeta Terra. Enguany cal fixar-se en els <strong>residus invisibles<\/strong>. Si en vols saber m\u00e9s <a href=\"https:\/\/drive.google.com\/file\/d\/100u2bFbjzfPUI6sJ1xn8tt5Zj92Max3R\/view?usp=sharing\" target=\"_blank\" rel=\"noopener noreferrer\">https:\/\/drive.google.com\/file\/d\/100u2bFbjzfPUI6sJ1xn8tt5Zj92Max3R\/view?usp=sharing<\/a><\/p>\n<p>Entra a Men\u00fa \/ Projecte Educatiu \/ Cuidem la Terra, hi trobar\u00e0s m\u00e9s informaci\u00f3.<\/p>\n","protected":false},"excerpt":{"rendered":"<p><a href=\"https:\/\/agora.xtec.cat\/ceiplajota\/wp-content\/uploads\/usu1571\/2020\/11\/2020-11-22_08-04-58.png\"><\/a>SETMANA EUROPEA DE LA PREVENCI\u00d3 DE RESIDUS<br \/>\nLa setmana del 21 al 29 de novembre treballarem amb m\u00e9s for\u00e7a la cura del nostre Planeta Terra. Enguany cal fixar-se en els residus invisibles. Si en vols saber m\u00e9s <a href=\"https:\/\/drive.google.com\/file\/d\/100u2bFbjzfPUI6sJ1xn8tt5Zj92Max3R\/view?usp=sharing\" target=\"_blank\" rel=\"noopener noreferrer\">https:\/\/drive.google.com\/file\/d\/100u2bFbjzfPUI6sJ1xn8tt5Zj92Max3R\/view?usp=sharing<\/a><br \/>\nEntra a Men\u00fa \/&hellip;  <a href=\"https:\/\/agora.xtec.cat\/ceiplajota\/general\/setmana-europea-de-la-prevencio-de-residus\/\" title=\"Read SETMANA EUROPEA DE LA PREVENCI\u00d3 DE RESIDUS\">Llegeix m\u00e9s\u00bb<\/a><\/p>\n","protected":false},"author":1,"featured_media":0,"comment_status":"open","ping_status":"closed","sticky":false,"template":"","format":"standard","meta":{"_bbp_topic_count":0,"_bbp_reply_count":0,"_bbp_total_topic_count":0,"_bbp_total_reply_count":0,"_bbp_voice_count":0,"_bbp_anonymous_reply_count":0,"_bbp_topic_count_hidden":0,"_bbp_reply_count_hidden":0,"_bbp_forum_subforum_count":0,"footnotes":""},"categories":[1],"tags":[],"class_list":["post-3306","post","type-post","status-publish","format-standard","hentry","category-general"],"post_mailing_queue_ids":[],"_links":{"self":[{"href":"https:\/\/agora.xtec.cat\/ceiplajota\/wp-json\/wp\/v2\/posts\/3306","targetHints":{"allow":["GET"]}}],"collection":[{"href":"https:\/\/agora.xtec.cat\/ceiplajota\/wp-json\/wp\/v2\/posts"}],"about":[{"href":"https:\/\/agora.xtec.cat\/ceiplajota\/wp-json\/wp\/v2\/types\/post"}],"author":[{"embeddable":true,"href":"https:\/\/agora.xtec.cat\/ceiplajota\/wp-json\/wp\/v2\/users\/1"}],"replies":[{"embeddable":true,"href":"https:\/\/agora.xtec.cat\/ceiplajota\/wp-json\/wp\/v2\/comments?post=3306"}],"version-history":[{"count":4,"href":"https:\/\/agora.xtec.cat\/ceiplajota\/wp-json\/wp\/v2\/posts\/3306\/revisions"}],"predecessor-version":[{"id":3335,"href":"https:\/\/agora.xtec.cat\/ceiplajota\/wp-json\/wp\/v2\/posts\/3306\/revisions\/3335"}],"wp:attachment":[{"href":"https:\/\/agora.xtec.cat\/ceiplajota\/wp-json\/wp\/v2\/media?parent=3306"}],"wp:term":[{"taxonomy":"category","embeddable":true,"href":"https:\/\/agora.xtec.cat\/ceiplajota\/wp-json\/wp\/v2\/categories?post=3306"},{"taxonomy":"post_tag","embeddable":true,"href":"https:\/\/agora.xtec.cat\/ceiplajota\/wp-json\/wp\/v2\/tags?post=3306"}],"curies":[{"name":"wp","href":"https:\/\/api.w.org\/{rel}","templated":true}]}}