{"id":3290,"date":"2020-11-23T18:28:09","date_gmt":"2020-11-23T17:28:09","guid":{"rendered":"https:\/\/agora.xtec.cat\/ceiplajota\/?p=3290"},"modified":"2020-11-23T19:07:01","modified_gmt":"2020-11-23T18:07:01","slug":"aniversari-de-la-geganta-helena","status":"publish","type":"post","link":"https:\/\/agora.xtec.cat\/ceiplajota\/infantil\/aniversari-de-la-geganta-helena\/","title":{"rendered":"Aniversari de la Geganta Helena"},"content":{"rendered":"<p>Divendres vam organitzar una bona festa a l&#8217;escola i no era per menys!!!<\/p>\n<p>Vam celebrar l&#8217;aniversari de la Geganta Helena, que ja fa 11 anys que ens acompanya a l&#8217;escola i tamb\u00e9 el Dia de la M\u00fasica. Vam cantar, ballar, gaudir d&#8217;un s\u00faper concert a c\u00e0rrec d&#8217;una de les mestres de l&#8217;escola i fins i tot, ens vam atipar de xocolata!!!<\/p>\n<p><a href=\"https:\/\/photos.app.goo.gl\/24NBqNqeZPTK8hpT6\">Per veure les fotos cliqueu \ud83d\udc47\ud83c\udffb<\/a><\/p>\n<p><a href=\"https:\/\/photos.app.goo.gl\/24NBqNqeZPTK8hpT6\"><img loading=\"lazy\" decoding=\"async\" class=\"wp-image-3291 aligncenter\" src=\"https:\/\/agora.xtec.cat\/ceiplajota\/wp-content\/uploads\/usu1571\/2020\/11\/ANIVERSARI-HELENA-1024x576.jpg\" alt=\"\" width=\"856\" height=\"481\" srcset=\"https:\/\/agora.xtec.cat\/ceiplajota\/wp-content\/uploads\/usu1571\/2020\/11\/ANIVERSARI-HELENA-1024x576.jpg 1024w, https:\/\/agora.xtec.cat\/ceiplajota\/wp-content\/uploads\/usu1571\/2020\/11\/ANIVERSARI-HELENA-300x169.jpg 300w, https:\/\/agora.xtec.cat\/ceiplajota\/wp-content\/uploads\/usu1571\/2020\/11\/ANIVERSARI-HELENA-768x432.jpg 768w, https:\/\/agora.xtec.cat\/ceiplajota\/wp-content\/uploads\/usu1571\/2020\/11\/ANIVERSARI-HELENA.jpg 1920w\" sizes=\"auto, (max-width: 856px) 100vw, 856px\" \/><\/a><\/p>\n","protected":false},"excerpt":{"rendered":"<p>Divendres vam organitzar una bona festa a l&#8217;escola i no era per menys!!!<br \/>\nVam celebrar l&#8217;aniversari de la Geganta Helena, que ja fa 11 anys que ens acompanya a l&#8217;escola i tamb\u00e9 el Dia de la M\u00fasica. Vam cantar, ballar, gaudir d&#8217;un s\u00faper concert a c\u00e0rrec&hellip;  <a href=\"https:\/\/agora.xtec.cat\/ceiplajota\/infantil\/aniversari-de-la-geganta-helena\/\" title=\"Read Aniversari de la Geganta Helena\">Llegeix m\u00e9s\u00bb<\/a><\/p>\n","protected":false},"author":34,"featured_media":0,"comment_status":"open","ping_status":"closed","sticky":false,"template":"","format":"standard","meta":{"_bbp_topic_count":0,"_bbp_reply_count":0,"_bbp_total_topic_count":0,"_bbp_total_reply_count":0,"_bbp_voice_count":0,"_bbp_anonymous_reply_count":0,"_bbp_topic_count_hidden":0,"_bbp_reply_count_hidden":0,"_bbp_forum_subforum_count":0,"footnotes":""},"categories":[2,3,8,9],"tags":[],"class_list":["post-3290","post","type-post","status-publish","format-standard","hentry","category-infantil","category-p3","category-p4","category-p5"],"post_mailing_queue_ids":[],"_links":{"self":[{"href":"https:\/\/agora.xtec.cat\/ceiplajota\/wp-json\/wp\/v2\/posts\/3290","targetHints":{"allow":["GET"]}}],"collection":[{"href":"https:\/\/agora.xtec.cat\/ceiplajota\/wp-json\/wp\/v2\/posts"}],"about":[{"href":"https:\/\/agora.xtec.cat\/ceiplajota\/wp-json\/wp\/v2\/types\/post"}],"author":[{"embeddable":true,"href":"https:\/\/agora.xtec.cat\/ceiplajota\/wp-json\/wp\/v2\/users\/34"}],"replies":[{"embeddable":true,"href":"https:\/\/agora.xtec.cat\/ceiplajota\/wp-json\/wp\/v2\/comments?post=3290"}],"version-history":[{"count":3,"href":"https:\/\/agora.xtec.cat\/ceiplajota\/wp-json\/wp\/v2\/posts\/3290\/revisions"}],"predecessor-version":[{"id":3294,"href":"https:\/\/agora.xtec.cat\/ceiplajota\/wp-json\/wp\/v2\/posts\/3290\/revisions\/3294"}],"wp:attachment":[{"href":"https:\/\/agora.xtec.cat\/ceiplajota\/wp-json\/wp\/v2\/media?parent=3290"}],"wp:term":[{"taxonomy":"category","embeddable":true,"href":"https:\/\/agora.xtec.cat\/ceiplajota\/wp-json\/wp\/v2\/categories?post=3290"},{"taxonomy":"post_tag","embeddable":true,"href":"https:\/\/agora.xtec.cat\/ceiplajota\/wp-json\/wp\/v2\/tags?post=3290"}],"curies":[{"name":"wp","href":"https:\/\/api.w.org\/{rel}","templated":true}]}}