{"id":3279,"date":"2020-11-22T15:56:38","date_gmt":"2020-11-22T14:56:38","guid":{"rendered":"https:\/\/agora.xtec.cat\/ceiplajota\/?p=3279"},"modified":"2020-11-22T17:22:49","modified_gmt":"2020-11-22T16:22:49","slug":"a-p5-som-artistes","status":"publish","type":"post","link":"https:\/\/agora.xtec.cat\/ceiplajota\/infantil\/a-p5-som-artistes\/","title":{"rendered":"A P5 som artistes!!!"},"content":{"rendered":"<p>A P5 hem descobert un gran artista: Joan Mir\u00f3!!!<\/p>\n<p>Si hi ha un artista que connecta de manera significativa amb el m\u00f3n imaginari infantil \u00e9s Joan Mir\u00f3. El seu dibuix infantil est\u00e0 molt relacionat amb la seva simplicitat, senzillesa i originalitat en l&#8217;\u00fas de les formes i els colors (vermell, negre, blau, groc i verd).<\/p>\n<p>Per mitj\u00e0 d&#8217;activitats i fent servir diferents t\u00e8cniques i materials els nens\/es aprendran la seva vida i obra.<\/p>\n<p>Avui experimentem fent estrelles amb ceres dels colors favorits de Mir\u00f3. Tamb\u00e9 provem de fer el nostre autorrerat.<\/p>\n<p>Esperem que us agradi!!! <a style=\"font-family: inherit;font-size: 1em\" href=\"https:\/\/photos.app.goo.gl\/VR7pyduzNbifS9Ux9\">Per veure totes les fotos cliqueu AQU\u00cd!<\/a><\/p>\n<p style=\"text-align: center\"><a href=\"https:\/\/photos.app.goo.gl\/VR7pyduzNbifS9Ux9\"><img loading=\"lazy\" decoding=\"async\" class=\"alignnone size-full wp-image-3280\" src=\"https:\/\/agora.xtec.cat\/ceiplajota\/wp-content\/uploads\/usu1571\/2020\/11\/Captura-de-pantalla-2020-11-22-a-las-15.54.46.png\" alt=\"\" width=\"468\" height=\"348\" srcset=\"https:\/\/agora.xtec.cat\/ceiplajota\/wp-content\/uploads\/usu1571\/2020\/11\/Captura-de-pantalla-2020-11-22-a-las-15.54.46.png 468w, https:\/\/agora.xtec.cat\/ceiplajota\/wp-content\/uploads\/usu1571\/2020\/11\/Captura-de-pantalla-2020-11-22-a-las-15.54.46-300x223.png 300w, https:\/\/agora.xtec.cat\/ceiplajota\/wp-content\/uploads\/usu1571\/2020\/11\/Captura-de-pantalla-2020-11-22-a-las-15.54.46-200x150.png 200w\" sizes=\"auto, (max-width: 468px) 100vw, 468px\" \/><\/a><\/p>\n<p><a href=\"https:\/\/photos.app.goo.gl\/VR7pyduzNbifS9Ux9\">\u00a0<\/a><\/p>\n","protected":false},"excerpt":{"rendered":"<p>A P5 hem descobert un gran artista: Joan Mir\u00f3!!!<br \/>\nSi hi ha un artista que connecta de manera significativa amb el m\u00f3n imaginari infantil \u00e9s Joan Mir\u00f3. El seu dibuix infantil est\u00e0 molt relacionat amb la seva simplicitat, senzillesa i originalitat en l&#8217;\u00fas de les formes&hellip;  <a href=\"https:\/\/agora.xtec.cat\/ceiplajota\/infantil\/a-p5-som-artistes\/\" title=\"Read A P5 som artistes!!!\">Llegeix m\u00e9s\u00bb<\/a><\/p>\n","protected":false},"author":34,"featured_media":0,"comment_status":"open","ping_status":"closed","sticky":false,"template":"","format":"standard","meta":{"_bbp_topic_count":0,"_bbp_reply_count":0,"_bbp_total_topic_count":0,"_bbp_total_reply_count":0,"_bbp_voice_count":0,"_bbp_anonymous_reply_count":0,"_bbp_topic_count_hidden":0,"_bbp_reply_count_hidden":0,"_bbp_forum_subforum_count":0,"footnotes":""},"categories":[2,9],"tags":[90],"class_list":["post-3279","post","type-post","status-publish","format-standard","hentry","category-infantil","category-p5","tag-p5"],"post_mailing_queue_ids":[],"_links":{"self":[{"href":"https:\/\/agora.xtec.cat\/ceiplajota\/wp-json\/wp\/v2\/posts\/3279","targetHints":{"allow":["GET"]}}],"collection":[{"href":"https:\/\/agora.xtec.cat\/ceiplajota\/wp-json\/wp\/v2\/posts"}],"about":[{"href":"https:\/\/agora.xtec.cat\/ceiplajota\/wp-json\/wp\/v2\/types\/post"}],"author":[{"embeddable":true,"href":"https:\/\/agora.xtec.cat\/ceiplajota\/wp-json\/wp\/v2\/users\/34"}],"replies":[{"embeddable":true,"href":"https:\/\/agora.xtec.cat\/ceiplajota\/wp-json\/wp\/v2\/comments?post=3279"}],"version-history":[{"count":3,"href":"https:\/\/agora.xtec.cat\/ceiplajota\/wp-json\/wp\/v2\/posts\/3279\/revisions"}],"predecessor-version":[{"id":3283,"href":"https:\/\/agora.xtec.cat\/ceiplajota\/wp-json\/wp\/v2\/posts\/3279\/revisions\/3283"}],"wp:attachment":[{"href":"https:\/\/agora.xtec.cat\/ceiplajota\/wp-json\/wp\/v2\/media?parent=3279"}],"wp:term":[{"taxonomy":"category","embeddable":true,"href":"https:\/\/agora.xtec.cat\/ceiplajota\/wp-json\/wp\/v2\/categories?post=3279"},{"taxonomy":"post_tag","embeddable":true,"href":"https:\/\/agora.xtec.cat\/ceiplajota\/wp-json\/wp\/v2\/tags?post=3279"}],"curies":[{"name":"wp","href":"https:\/\/api.w.org\/{rel}","templated":true}]}}