{"id":3250,"date":"2020-11-22T07:31:34","date_gmt":"2020-11-22T06:31:34","guid":{"rendered":"https:\/\/agora.xtec.cat\/ceiplajota\/?p=3250"},"modified":"2020-11-22T07:44:47","modified_gmt":"2020-11-22T06:44:47","slug":"festes-del-primer-trimestre","status":"publish","type":"post","link":"https:\/\/agora.xtec.cat\/ceiplajota\/general\/festes-del-primer-trimestre\/","title":{"rendered":"FESTES DEL PRIMER TRIMESTRE"},"content":{"rendered":"<p><a href=\"https:\/\/agora.xtec.cat\/ceiplajota\/festes-a-lescola\/\"><img loading=\"lazy\" decoding=\"async\" class=\"aligncenter wp-image-3251 size-medium\" src=\"https:\/\/agora.xtec.cat\/ceiplajota\/wp-content\/uploads\/usu1571\/2020\/11\/cartell-web-e1606027189408-300x213.jpg\" alt=\"\" width=\"300\" height=\"213\" srcset=\"https:\/\/agora.xtec.cat\/ceiplajota\/wp-content\/uploads\/usu1571\/2020\/11\/cartell-web-e1606027189408-300x213.jpg 300w, https:\/\/agora.xtec.cat\/ceiplajota\/wp-content\/uploads\/usu1571\/2020\/11\/cartell-web-e1606027189408-768x545.jpg 768w, https:\/\/agora.xtec.cat\/ceiplajota\/wp-content\/uploads\/usu1571\/2020\/11\/cartell-web-e1606027189408-1024x727.jpg 1024w, https:\/\/agora.xtec.cat\/ceiplajota\/wp-content\/uploads\/usu1571\/2020\/11\/cartell-web-e1606027189408.jpg 1747w\" sizes=\"auto, (max-width: 300px) 100vw, 300px\" \/><\/a><\/p>\n<p>No et perdis qu\u00e8 anem fent per l&#8217;escola!!! Mira al men\u00fa, a festes a l&#8217;escola, i veur\u00e0s qu\u00e8 hem fet aquest trimestre.<a href=\"https:\/\/agora.xtec.cat\/ceiplajota\/festes-a-lescola\/\" target=\"_blank\" rel=\"noopener noreferrer\">https:\/\/agora.xtec.cat\/ceiplajota\/festes-a-lescola\/<\/a><\/p>\n","protected":false},"excerpt":{"rendered":"<p><a href=\"https:\/\/agora.xtec.cat\/ceiplajota\/festes-a-lescola\/\"><\/a><br \/>\nNo et perdis qu\u00e8 anem fent per l&#8217;escola!!! Mira al men\u00fa, a festes a l&#8217;escola, i veur\u00e0s qu\u00e8 hem fet aquest trimestre.<a href=\"https:\/\/agora.xtec.cat\/ceiplajota\/festes-a-lescola\/\" target=\"_blank\" rel=\"noopener noreferrer\">https:\/\/agora.xtec.cat\/ceiplajota\/festes-a-lescola\/<\/a><\/p>\n","protected":false},"author":1,"featured_media":3251,"comment_status":"open","ping_status":"closed","sticky":false,"template":"","format":"standard","meta":{"_bbp_topic_count":0,"_bbp_reply_count":0,"_bbp_total_topic_count":0,"_bbp_total_reply_count":0,"_bbp_voice_count":0,"_bbp_anonymous_reply_count":0,"_bbp_topic_count_hidden":0,"_bbp_reply_count_hidden":0,"_bbp_forum_subforum_count":0,"footnotes":""},"categories":[1],"tags":[],"class_list":["post-3250","post","type-post","status-publish","format-standard","has-post-thumbnail","hentry","category-general"],"post_mailing_queue_ids":[],"_links":{"self":[{"href":"https:\/\/agora.xtec.cat\/ceiplajota\/wp-json\/wp\/v2\/posts\/3250","targetHints":{"allow":["GET"]}}],"collection":[{"href":"https:\/\/agora.xtec.cat\/ceiplajota\/wp-json\/wp\/v2\/posts"}],"about":[{"href":"https:\/\/agora.xtec.cat\/ceiplajota\/wp-json\/wp\/v2\/types\/post"}],"author":[{"embeddable":true,"href":"https:\/\/agora.xtec.cat\/ceiplajota\/wp-json\/wp\/v2\/users\/1"}],"replies":[{"embeddable":true,"href":"https:\/\/agora.xtec.cat\/ceiplajota\/wp-json\/wp\/v2\/comments?post=3250"}],"version-history":[{"count":3,"href":"https:\/\/agora.xtec.cat\/ceiplajota\/wp-json\/wp\/v2\/posts\/3250\/revisions"}],"predecessor-version":[{"id":3256,"href":"https:\/\/agora.xtec.cat\/ceiplajota\/wp-json\/wp\/v2\/posts\/3250\/revisions\/3256"}],"wp:featuredmedia":[{"embeddable":true,"href":"https:\/\/agora.xtec.cat\/ceiplajota\/wp-json\/wp\/v2\/media\/3251"}],"wp:attachment":[{"href":"https:\/\/agora.xtec.cat\/ceiplajota\/wp-json\/wp\/v2\/media?parent=3250"}],"wp:term":[{"taxonomy":"category","embeddable":true,"href":"https:\/\/agora.xtec.cat\/ceiplajota\/wp-json\/wp\/v2\/categories?post=3250"},{"taxonomy":"post_tag","embeddable":true,"href":"https:\/\/agora.xtec.cat\/ceiplajota\/wp-json\/wp\/v2\/tags?post=3250"}],"curies":[{"name":"wp","href":"https:\/\/api.w.org\/{rel}","templated":true}]}}