{"id":3242,"date":"2020-11-24T23:12:15","date_gmt":"2020-11-24T22:12:15","guid":{"rendered":"https:\/\/agora.xtec.cat\/ceiplajota\/?p=3242"},"modified":"2020-11-24T23:20:01","modified_gmt":"2020-11-24T22:20:01","slug":"el-pati-a-lescola","status":"publish","type":"post","link":"https:\/\/agora.xtec.cat\/ceiplajota\/primaria\/3r\/el-pati-a-lescola\/","title":{"rendered":"EL PATI A L&#8217;ESCOLA"},"content":{"rendered":"<p>Hola fam\u00edlies!<\/p>\n<p>L&#8217;estona del pati \u00e9s molt esperada i aquest curs els nens i nenes s&#8217;han hagut d&#8217;adaptar a diversos canvis per garantir la seva seguretat.<\/p>\n<p>Per\u00f2 no oblidem que aquest moment de joc i diversi\u00f3 continua sent una part molt important en l&#8217;educaci\u00f3 i el desenvolupament dels nostres alumnes. Les rialles, els jocs, les converses&#8230;continuen vives cada dia a l&#8217;hora de l&#8217;esbarjo.<\/p>\n<p>Per aix\u00f2 us volem apropar aquests instants a casa i ensenyar-vos com juguen els vostres fills i filles. Gaudiu d&#8217;aquesta petita mostra que ben segur us portar\u00e0 m\u00e9s d&#8217;algun record.<\/p>\n<p>&nbsp;<\/p>\n<p>Alumnes de tercer\/quart i Equip de Mestres de Cicle Mitj\u00e0.<\/p>\n<p>&nbsp;<\/p>\n<p style=\"text-align: center\">\u00a0 \u00a0 \u00a0 \u00a0 \u00a0 \u00a0<strong> \u00a0 \u00a0 \u00a0Fes clic a sobre de la foto per veure l&#8217;\u00e0lbum<\/strong><\/p>\n<p><a href=\"https:\/\/photos.app.goo.gl\/puLyZyZw1P8Pq9W47\"><img loading=\"lazy\" decoding=\"async\" class=\"wp-image-3246 aligncenter\" src=\"https:\/\/agora.xtec.cat\/ceiplajota\/wp-content\/uploads\/usu1571\/2020\/11\/PHOTO-2020-11-11-14-06-44_4-1024x768.jpg\" alt=\"\" width=\"805\" height=\"604\" srcset=\"https:\/\/agora.xtec.cat\/ceiplajota\/wp-content\/uploads\/usu1571\/2020\/11\/PHOTO-2020-11-11-14-06-44_4-1024x768.jpg 1024w, https:\/\/agora.xtec.cat\/ceiplajota\/wp-content\/uploads\/usu1571\/2020\/11\/PHOTO-2020-11-11-14-06-44_4-300x225.jpg 300w, https:\/\/agora.xtec.cat\/ceiplajota\/wp-content\/uploads\/usu1571\/2020\/11\/PHOTO-2020-11-11-14-06-44_4-768x576.jpg 768w, https:\/\/agora.xtec.cat\/ceiplajota\/wp-content\/uploads\/usu1571\/2020\/11\/PHOTO-2020-11-11-14-06-44_4-200x150.jpg 200w, https:\/\/agora.xtec.cat\/ceiplajota\/wp-content\/uploads\/usu1571\/2020\/11\/PHOTO-2020-11-11-14-06-44_4.jpg 2048w\" sizes=\"auto, (max-width: 805px) 100vw, 805px\" \/><\/a><\/p>\n<p>&nbsp;<\/p>\n<p>&nbsp;<\/p>\n<p>&nbsp;<\/p>\n<p>&nbsp;<\/p>\n<p>&nbsp;<\/p>\n<p>&nbsp;<\/p>\n","protected":false},"excerpt":{"rendered":"<p>Hola fam\u00edlies!<br \/>\nL&#8217;estona del pati \u00e9s molt esperada i aquest curs els nens i nenes s&#8217;han hagut d&#8217;adaptar a diversos canvis per garantir la seva seguretat.<br \/>\nPer\u00f2 no oblidem que aquest moment de joc i diversi\u00f3 continua sent una part molt important en l&#8217;educaci\u00f3 i el desenvolupament&hellip;  <a href=\"https:\/\/agora.xtec.cat\/ceiplajota\/primaria\/3r\/el-pati-a-lescola\/\" title=\"Read EL PATI A L&#8217;ESCOLA\">Llegeix m\u00e9s\u00bb<\/a><\/p>\n","protected":false},"author":22,"featured_media":3299,"comment_status":"open","ping_status":"closed","sticky":false,"template":"","format":"standard","meta":{"_bbp_topic_count":0,"_bbp_reply_count":0,"_bbp_total_topic_count":0,"_bbp_total_reply_count":0,"_bbp_voice_count":0,"_bbp_anonymous_reply_count":0,"_bbp_topic_count_hidden":0,"_bbp_reply_count_hidden":0,"_bbp_forum_subforum_count":0,"footnotes":""},"categories":[12,13],"tags":[89],"class_list":["post-3242","post","type-post","status-publish","format-standard","has-post-thumbnail","hentry","category-3r","category-4t","tag-ensdivertim"],"post_mailing_queue_ids":[],"_links":{"self":[{"href":"https:\/\/agora.xtec.cat\/ceiplajota\/wp-json\/wp\/v2\/posts\/3242","targetHints":{"allow":["GET"]}}],"collection":[{"href":"https:\/\/agora.xtec.cat\/ceiplajota\/wp-json\/wp\/v2\/posts"}],"about":[{"href":"https:\/\/agora.xtec.cat\/ceiplajota\/wp-json\/wp\/v2\/types\/post"}],"author":[{"embeddable":true,"href":"https:\/\/agora.xtec.cat\/ceiplajota\/wp-json\/wp\/v2\/users\/22"}],"replies":[{"embeddable":true,"href":"https:\/\/agora.xtec.cat\/ceiplajota\/wp-json\/wp\/v2\/comments?post=3242"}],"version-history":[{"count":4,"href":"https:\/\/agora.xtec.cat\/ceiplajota\/wp-json\/wp\/v2\/posts\/3242\/revisions"}],"predecessor-version":[{"id":3300,"href":"https:\/\/agora.xtec.cat\/ceiplajota\/wp-json\/wp\/v2\/posts\/3242\/revisions\/3300"}],"wp:featuredmedia":[{"embeddable":true,"href":"https:\/\/agora.xtec.cat\/ceiplajota\/wp-json\/wp\/v2\/media\/3299"}],"wp:attachment":[{"href":"https:\/\/agora.xtec.cat\/ceiplajota\/wp-json\/wp\/v2\/media?parent=3242"}],"wp:term":[{"taxonomy":"category","embeddable":true,"href":"https:\/\/agora.xtec.cat\/ceiplajota\/wp-json\/wp\/v2\/categories?post=3242"},{"taxonomy":"post_tag","embeddable":true,"href":"https:\/\/agora.xtec.cat\/ceiplajota\/wp-json\/wp\/v2\/tags?post=3242"}],"curies":[{"name":"wp","href":"https:\/\/api.w.org\/{rel}","templated":true}]}}