{"id":3211,"date":"2020-11-09T18:02:01","date_gmt":"2020-11-09T17:02:01","guid":{"rendered":"https:\/\/agora.xtec.cat\/ceiplajota\/?p=3211"},"modified":"2020-11-09T18:25:38","modified_gmt":"2020-11-09T17:25:38","slug":"la-castanyada","status":"publish","type":"post","link":"https:\/\/agora.xtec.cat\/ceiplajota\/infantil\/la-castanyada\/","title":{"rendered":"LA CASTANYADA"},"content":{"rendered":"<p>Aquest any tamb\u00e9 hem pogut gaudir de la visita de la Castanyera!! Ha baixat amb el cistell ben ple de castanyes de les muntanyes, per torrar-les al pati de l&#8217;escola. Nosaltres l&#8217;hem rebut amb molta il\u00b7lusi\u00f3 i hem cantat i ballat amb ella les can\u00e7ons de la tardor que hem apr\u00e8s. Molt contenta, ens ha donat castanyes dins les paperines. Moltes gr\u00e0cies Castanyera, fins l&#8217;any que ve!<\/p>\n<p>Per veure tot el recull de fotografies on els infants visiten a la Castanyera i realitzen el detallet d&#8217;aquest dia, podeu clicar a la seg\u00fcent fotografia:<\/p>\n<p>&nbsp;<\/p>\n<p><a href=\"https:\/\/photos.app.goo.gl\/EJYCALcqMQK764ANA\"><img loading=\"lazy\" decoding=\"async\" class=\" wp-image-3213 aligncenter\" src=\"https:\/\/agora.xtec.cat\/ceiplajota\/wp-content\/uploads\/usu1571\/2020\/11\/Captura-de-pantalla-2020-11-09-a-las-17.57.51.png\" alt=\"\" width=\"568\" height=\"303\" srcset=\"https:\/\/agora.xtec.cat\/ceiplajota\/wp-content\/uploads\/usu1571\/2020\/11\/Captura-de-pantalla-2020-11-09-a-las-17.57.51.png 409w, https:\/\/agora.xtec.cat\/ceiplajota\/wp-content\/uploads\/usu1571\/2020\/11\/Captura-de-pantalla-2020-11-09-a-las-17.57.51-300x160.png 300w\" sizes=\"auto, (max-width: 568px) 100vw, 568px\" \/><\/a><\/p>\n","protected":false},"excerpt":{"rendered":"<p>Aquest any tamb\u00e9 hem pogut gaudir de la visita de la Castanyera!! Ha baixat amb el cistell ben ple de castanyes de les muntanyes, per torrar-les al pati de l&#8217;escola. Nosaltres l&#8217;hem rebut amb molta il\u00b7lusi\u00f3 i hem cantat i ballat amb ella les can\u00e7ons&hellip;  <a href=\"https:\/\/agora.xtec.cat\/ceiplajota\/infantil\/la-castanyada\/\" title=\"Read LA CASTANYADA\">Llegeix m\u00e9s\u00bb<\/a><\/p>\n","protected":false},"author":34,"featured_media":0,"comment_status":"open","ping_status":"closed","sticky":false,"template":"","format":"standard","meta":{"_bbp_topic_count":0,"_bbp_reply_count":0,"_bbp_total_topic_count":0,"_bbp_total_reply_count":0,"_bbp_voice_count":0,"_bbp_anonymous_reply_count":0,"_bbp_topic_count_hidden":0,"_bbp_reply_count_hidden":0,"_bbp_forum_subforum_count":0,"footnotes":""},"categories":[2,3,8,9],"tags":[88],"class_list":["post-3211","post","type-post","status-publish","format-standard","hentry","category-infantil","category-p3","category-p4","category-p5","tag-castanyada"],"post_mailing_queue_ids":[],"_links":{"self":[{"href":"https:\/\/agora.xtec.cat\/ceiplajota\/wp-json\/wp\/v2\/posts\/3211","targetHints":{"allow":["GET"]}}],"collection":[{"href":"https:\/\/agora.xtec.cat\/ceiplajota\/wp-json\/wp\/v2\/posts"}],"about":[{"href":"https:\/\/agora.xtec.cat\/ceiplajota\/wp-json\/wp\/v2\/types\/post"}],"author":[{"embeddable":true,"href":"https:\/\/agora.xtec.cat\/ceiplajota\/wp-json\/wp\/v2\/users\/34"}],"replies":[{"embeddable":true,"href":"https:\/\/agora.xtec.cat\/ceiplajota\/wp-json\/wp\/v2\/comments?post=3211"}],"version-history":[{"count":3,"href":"https:\/\/agora.xtec.cat\/ceiplajota\/wp-json\/wp\/v2\/posts\/3211\/revisions"}],"predecessor-version":[{"id":3216,"href":"https:\/\/agora.xtec.cat\/ceiplajota\/wp-json\/wp\/v2\/posts\/3211\/revisions\/3216"}],"wp:attachment":[{"href":"https:\/\/agora.xtec.cat\/ceiplajota\/wp-json\/wp\/v2\/media?parent=3211"}],"wp:term":[{"taxonomy":"category","embeddable":true,"href":"https:\/\/agora.xtec.cat\/ceiplajota\/wp-json\/wp\/v2\/categories?post=3211"},{"taxonomy":"post_tag","embeddable":true,"href":"https:\/\/agora.xtec.cat\/ceiplajota\/wp-json\/wp\/v2\/tags?post=3211"}],"curies":[{"name":"wp","href":"https:\/\/api.w.org\/{rel}","templated":true}]}}