{"id":3061,"date":"2020-06-30T10:50:53","date_gmt":"2020-06-30T08:50:53","guid":{"rendered":"https:\/\/agora.xtec.cat\/ceiplajota\/?p=3061"},"modified":"2020-06-30T10:51:05","modified_gmt":"2020-06-30T08:51:05","slug":"joemquedoacasa-comiat-tutora-tutor-de-2n","status":"publish","type":"post","link":"https:\/\/agora.xtec.cat\/ceiplajota\/primaria\/2n\/joemquedoacasa-comiat-tutora-tutor-de-2n\/","title":{"rendered":"#JOEMQUEDOACASA  COMIAT TUTORA\/TUTOR de 2n"},"content":{"rendered":"<p>El fet de no poder-nos acomiadar d&#8217;aquests dos anys que hem passat juntes tal i com ens hagu\u00e9s agradat ens ha fet gravar aquest missatge de comiat cap a vosaltres. \u00a0Ha estat un plaer con\u00e9ixer-us i compartir tantes coses (menys de les que ens hagu\u00e9s agradat).<\/p>\n<p><span style=\"color: #800080\"><strong>Molt bon estiu. \u00a0Una fort\u00edssima i c\u00e0lida abra\u00e7ada.<\/strong><\/span><\/p>\n<p><span style=\"color: #800080\"><strong>Bet i Sergio.<\/strong><\/span><\/p>\n<p>Per veure el v\u00eddeo toqueu la imatge:<\/p>\n<p><a href=\"https:\/\/drive.google.com\/file\/d\/16tjNzggDnTMvfaPFp6ozDiwc6ayDOggZ\/view?usp=sharing\"><img loading=\"lazy\" decoding=\"async\" class=\"aligncenter wp-image-3062 size-full\" src=\"https:\/\/agora.xtec.cat\/ceiplajota\/wp-content\/uploads\/usu1571\/2020\/06\/Captura-de-pantalla-2020-06-30-a-las-10.48.38.png\" alt=\"\" width=\"853\" height=\"405\" srcset=\"https:\/\/agora.xtec.cat\/ceiplajota\/wp-content\/uploads\/usu1571\/2020\/06\/Captura-de-pantalla-2020-06-30-a-las-10.48.38.png 853w, https:\/\/agora.xtec.cat\/ceiplajota\/wp-content\/uploads\/usu1571\/2020\/06\/Captura-de-pantalla-2020-06-30-a-las-10.48.38-300x142.png 300w, https:\/\/agora.xtec.cat\/ceiplajota\/wp-content\/uploads\/usu1571\/2020\/06\/Captura-de-pantalla-2020-06-30-a-las-10.48.38-768x365.png 768w\" sizes=\"auto, (max-width: 853px) 100vw, 853px\" \/><\/a><\/p>\n","protected":false},"excerpt":{"rendered":"<p>El fet de no poder-nos acomiadar d&#8217;aquests dos anys que hem passat juntes tal i com ens hagu\u00e9s agradat ens ha fet gravar aquest missatge de comiat cap a vosaltres. \u00a0Ha estat un plaer con\u00e9ixer-us i compartir tantes coses (menys de les que ens hagu\u00e9s&hellip;  <a href=\"https:\/\/agora.xtec.cat\/ceiplajota\/primaria\/2n\/joemquedoacasa-comiat-tutora-tutor-de-2n\/\" title=\"Read #JOEMQUEDOACASA  COMIAT TUTORA\/TUTOR de 2n\">Llegeix m\u00e9s\u00bb<\/a><\/p>\n","protected":false},"author":12,"featured_media":3062,"comment_status":"open","ping_status":"closed","sticky":false,"template":"","format":"standard","meta":{"_bbp_topic_count":0,"_bbp_reply_count":0,"_bbp_total_topic_count":0,"_bbp_total_reply_count":0,"_bbp_voice_count":0,"_bbp_anonymous_reply_count":0,"_bbp_topic_count_hidden":0,"_bbp_reply_count_hidden":0,"_bbp_forum_subforum_count":0,"footnotes":""},"categories":[11],"tags":[64],"class_list":["post-3061","post","type-post","status-publish","format-standard","has-post-thumbnail","hentry","category-2n","tag-joemquedoacasa"],"post_mailing_queue_ids":[],"_links":{"self":[{"href":"https:\/\/agora.xtec.cat\/ceiplajota\/wp-json\/wp\/v2\/posts\/3061","targetHints":{"allow":["GET"]}}],"collection":[{"href":"https:\/\/agora.xtec.cat\/ceiplajota\/wp-json\/wp\/v2\/posts"}],"about":[{"href":"https:\/\/agora.xtec.cat\/ceiplajota\/wp-json\/wp\/v2\/types\/post"}],"author":[{"embeddable":true,"href":"https:\/\/agora.xtec.cat\/ceiplajota\/wp-json\/wp\/v2\/users\/12"}],"replies":[{"embeddable":true,"href":"https:\/\/agora.xtec.cat\/ceiplajota\/wp-json\/wp\/v2\/comments?post=3061"}],"version-history":[{"count":2,"href":"https:\/\/agora.xtec.cat\/ceiplajota\/wp-json\/wp\/v2\/posts\/3061\/revisions"}],"predecessor-version":[{"id":3064,"href":"https:\/\/agora.xtec.cat\/ceiplajota\/wp-json\/wp\/v2\/posts\/3061\/revisions\/3064"}],"wp:featuredmedia":[{"embeddable":true,"href":"https:\/\/agora.xtec.cat\/ceiplajota\/wp-json\/wp\/v2\/media\/3062"}],"wp:attachment":[{"href":"https:\/\/agora.xtec.cat\/ceiplajota\/wp-json\/wp\/v2\/media?parent=3061"}],"wp:term":[{"taxonomy":"category","embeddable":true,"href":"https:\/\/agora.xtec.cat\/ceiplajota\/wp-json\/wp\/v2\/categories?post=3061"},{"taxonomy":"post_tag","embeddable":true,"href":"https:\/\/agora.xtec.cat\/ceiplajota\/wp-json\/wp\/v2\/tags?post=3061"}],"curies":[{"name":"wp","href":"https:\/\/api.w.org\/{rel}","templated":true}]}}